{"id":403,"date":"1940-07-28T11:44:38","date_gmt":"1940-07-28T08:44:38","guid":{"rendered":"http:\/\/94.237.85.66\/?p=403"},"modified":"2019-02-16T02:15:19","modified_gmt":"2019-02-15T23:15:19","slug":"trockinin-vasiyeti","status":"publish","type":"post","link":"https:\/\/trockist.net\/index.php\/1940\/07\/28\/trockinin-vasiyeti\/","title":{"rendered":"Tro\u00e7ki\u2019nin vasiyeti"},"content":{"rendered":"\n<p>Y\u00fcksek (ve giderek artan) tansiyonum yak\u0131nlar\u0131m\u0131 sa\u011fl\u0131k durumum konusunda aldat\u0131yor. Aktifim ve \u00e7al\u0131\u015fabiliyorum ancak sonun yak\u0131n oldu\u011fu a\u015fik\u00e2r. Bu sat\u0131rlar kamuoyuna \u00f6l\u00fcm\u00fcmden sonra a\u00e7\u0131klanacak.<\/p>\n\n\n\n<p>Burada Stalin ve ajanlar\u0131n\u0131n aptalca ve a\u015fa\u011f\u0131l\u0131k iftiralar\u0131n\u0131 bir kez daha \u00e7\u00fcr\u00fctme ihtiyac\u0131 duymuyorum; benim devrimci onurumun \u00fczerinde tek bir leke bile yok. \u0130\u015f\u00e7i s\u0131n\u0131f\u0131n\u0131n d\u00fc\u015fmanlar\u0131yla, asla kapal\u0131 kap\u0131lar ard\u0131nda, ne do\u011frudan ne de dolayl\u0131 olarak herhangi bir anla\u015fma ve hatta g\u00f6r\u00fc\u015fme yapm\u0131\u015f de\u011filim. Stalin\u2019in binlerce muhalifi buna benzer sahte su\u00e7lamalar\u0131n kurban\u0131 oldular. Yeni devrimci ku\u015faklar onlar\u0131n siyasi sayg\u0131nl\u0131klar\u0131n\u0131 iade edecek ve Kremlin\u2019in cell\u00e2tlar\u0131na hak ettikleri gibi davranacaklard\u0131r.<\/p>\n\n\n\n<p>Ya\u015fam\u0131m\u0131n en g\u00fc\u00e7 anlar\u0131nda bana sad\u0131k kalm\u0131\u015f olan dostlar\u0131ma i\u00e7tenlikle te\u015fekk\u00fcr ediyorum. Burada hepsinin ad\u0131n\u0131 sayamayaca\u011f\u0131m i\u00e7in, hi\u00e7birinin ad\u0131n\u0131 \u00f6zel olarak belirtmeyece\u011fim.<\/p>\n\n\n\n<p>Yine de, e\u015fim Natalya Ivanovna Sedova i\u00e7in bir ayr\u0131cal\u0131k yapmaya hakk\u0131m oldu\u011funu d\u00fc\u015f\u00fcn\u00fcyorum. Kader bana, sosyalizm davas\u0131n\u0131n bir sava\u015f\u00e7\u0131s\u0131 olma mutlulu\u011funun yan\u0131 s\u0131ra, onun kocas\u0131 olma mutlulu\u011funu verdi. O, neredeyse k\u0131rk y\u0131l\u0131 bulan ortak ya\u015fam\u0131m\u0131z boyunca t\u00fckenmez bir sevgi, c\u00f6mertlik ve \u015fefkat kayna\u011f\u0131 oldu. \u00d6zellikle ya\u015fam\u0131m\u0131z\u0131n son d\u00f6neminde b\u00fcy\u00fck ac\u0131lar ya\u015fad\u0131. Ancak onun ayn\u0131 zamanda mutlu g\u00fcnler de g\u00f6rm\u00fc\u015f oldu\u011funu bilmek beni biraz olsun rahatlat\u0131yor.<\/p>\n\n\n\n<p>Bilin\u00e7li ya\u015fam\u0131m\u0131n k\u0131rk \u00fc\u00e7 y\u0131l\u0131 boyunca bir devrimci olarak kald\u0131m; bunun k\u0131rk iki y\u0131l\u0131nda Marksizm\u2019in bayra\u011f\u0131 alt\u0131nda m\u00fccadele ettim. Her \u015feye yeni ba\u015ftan ba\u015flamam gerekseydi, elbette ki \u015fu ya da bu hatadan sak\u0131nmaya \u00e7al\u0131\u015f\u0131rd\u0131m, ancak ya\u015fam\u0131m\u0131n ana ekseni de\u011fi\u015fmeden kal\u0131rd\u0131. Bir proleter devrimci, bir Marksist, bir diyalektik materyalist ve dolay\u0131s\u0131yla uzla\u015fmaz bir ateist olarak \u00f6lece\u011fim. \u0130nsanl\u0131\u011f\u0131n kom\u00fcnist gelece\u011fine olan inanc\u0131m, gen\u00e7lik y\u0131llar\u0131mda oldu\u011fundan daha az ate\u015fli de\u011fil; asl\u0131nda bug\u00fcn \u00e7ok daha sa\u011flam.<\/p>\n\n\n\n<p>Nata\u015fa az \u00f6nce avlu penceresinin \u00f6n\u00fcne geldi ve havan\u0131n odama rahat\u00e7a girebilmesi i\u00e7in cam\u0131 biraz daha a\u00e7t\u0131. Duvar\u0131n dibindeki parlak ye\u015fil \u00e7imen \u015feridini ve duvar\u0131n \u00fczerinden a\u00e7\u0131k mavi g\u00f6ky\u00fcz\u00fcn\u00fc ve her yerde g\u00fcne\u015f \u0131\u015f\u0131\u011f\u0131n\u0131 g\u00f6rebiliyorum. Ya\u015fam g\u00fczel. Gelecek ku\u015faklar onu b\u00fct\u00fcn k\u00f6t\u00fcl\u00fcklerden, bask\u0131lardan ve \u015fiddetten ar\u0131nd\u0131rs\u0131nlar ve tad\u0131n\u0131 doyas\u0131ya \u00e7\u0131karabilsinler.&nbsp;<\/p>\n\n\n\n<p>(\u2026) Hastal\u0131\u011f\u0131m\u0131n do\u011fas\u0131 (y\u00fcksek ve artan tansiyon) -anlad\u0131\u011f\u0131m kadar\u0131yla- sonun b\u00fcy\u00fck olas\u0131l\u0131kla ani bir beyin kanamas\u0131yla gelmesine -bu da benim ki\u015fisel varsay\u0131m\u0131m- yol a\u00e7acak t\u00fcrden. Bu arzu edebilece\u011fim en iyi son. Yine de, yan\u0131l\u0131yor olabilirim (bu konuyla ilgili olarak \u00f6zel kitaplar okumaya hi\u00e7 niyetim yok ve doktorlar da do\u011fal olarak ger\u00e7e\u011fi s\u00f6ylemeyeceklerdir). Skleroz uzun s\u00fcreye yay\u0131l\u0131r ve ben de uzun s\u00fcreli sakatl\u0131k tehdidine maruz kal\u0131rsam (\u015fu anda, tam aksine, y\u00fcksek tansiyondan dolay\u0131 zihinsel bir enerji art\u0131\u015f\u0131 hissediyorum, ancak bu uzun s\u00fcrmeyecektir), bu durumda \u00f6l\u00fcm\u00fcm\u00fcn zaman\u0131n\u0131 belirleme hakk\u0131n\u0131 kendimde sakl\u0131 tutuyorum. Bu \u201cintihar\u201d (b\u00f6ylesi bir terimi bu ba\u011flamda kullanmak e\u011fer yerindeyse) hi\u00e7bir bi\u00e7imde bir keder veya umutsuzluk n\u00f6betinin ifadesi olmayacakt\u0131r. Nata\u015fa\u2019yla ben, birbirimize bir\u00e7ok kez, insan\u0131n kendi ya\u015fam\u0131n\u0131; daha do\u011frusu \u00e7ok yava\u015f ilerleyen bir \u00f6l\u00fcm s\u00fcrecini k\u0131sa kesmesinin daha iyi olaca\u011f\u0131 bir fiziksel duruma gelebilece\u011fini s\u00f6ylemi\u015ftik\u2026 Fakat \u00f6l\u00fcm\u00fcm hangi ko\u015fullar alt\u0131nda ger\u00e7ekle\u015firse ger\u00e7ekle\u015fsin, kom\u00fcnist gelece\u011fe duydu\u011fum sars\u0131lmaz inan\u00e7la \u00f6lece\u011fim. \u0130nsano\u011fluna ve onun gelece\u011fine duydu\u011fum inan\u00e7, bana \u015fu anda bile hi\u00e7bir dinin veremeyece\u011fi t\u00fcrden bir direnme g\u00fcc\u00fc veriyor.<\/p>\n\n\n\n<p><strong>1940<\/strong><\/p>\n","protected":false},"excerpt":{"rendered":"<p>Y\u00fcksek (ve giderek artan) tansiyonum yak\u0131nlar\u0131m\u0131 sa\u011fl\u0131k durumum konusunda aldat\u0131yor. Aktifim ve \u00e7al\u0131\u015fabiliyorum ancak sonun yak\u0131n oldu\u011fu a\u015fik\u00e2r. Bu sat\u0131rlar kamuoyuna \u00f6l\u00fcm\u00fcmden sonra a\u00e7\u0131klanacak. Burada Stalin ve ajanlar\u0131n\u0131n aptalca ve a\u015fa\u011f\u0131l\u0131k iftiralar\u0131n\u0131 bir kez daha \u00e7\u00fcr\u00fctme ihtiyac\u0131 duymuyorum; benim devrimci onurumun \u00fczerinde tek bir leke bile yok. \u0130\u015f\u00e7i s\u0131n\u0131f\u0131n\u0131n d\u00fc\u015fmanlar\u0131yla, asla kapal\u0131 kap\u0131lar ard\u0131nda, ne [&hellip;]<\/p>\n","protected":false},"author":14,"featured_media":404,"comment_status":"open","ping_status":"open","sticky":false,"template":"","format":"standard","meta":{"_exactmetrics_skip_tracking":false,"_exactmetrics_sitenote_active":false,"_exactmetrics_sitenote_note":"","_exactmetrics_sitenote_category":0,"footnotes":""},"categories":[649],"tags":[455,467],"class_list":["post-403","post","type-post","status-publish","format-standard","has-post-thumbnail","hentry","category-trockizm","tag-trockinin","tag-vasiyeti"],"_links":{"self":[{"href":"https:\/\/trockist.net\/index.php\/wp-json\/wp\/v2\/posts\/403","targetHints":{"allow":["GET"]}}],"collection":[{"href":"https:\/\/trockist.net\/index.php\/wp-json\/wp\/v2\/posts"}],"about":[{"href":"https:\/\/trockist.net\/index.php\/wp-json\/wp\/v2\/types\/post"}],"author":[{"embeddable":true,"href":"https:\/\/trockist.net\/index.php\/wp-json\/wp\/v2\/users\/14"}],"replies":[{"embeddable":true,"href":"https:\/\/trockist.net\/index.php\/wp-json\/wp\/v2\/comments?post=403"}],"version-history":[{"count":1,"href":"https:\/\/trockist.net\/index.php\/wp-json\/wp\/v2\/posts\/403\/revisions"}],"predecessor-version":[{"id":405,"href":"https:\/\/trockist.net\/index.php\/wp-json\/wp\/v2\/posts\/403\/revisions\/405"}],"wp:featuredmedia":[{"embeddable":true,"href":"https:\/\/trockist.net\/index.php\/wp-json\/wp\/v2\/media\/404"}],"wp:attachment":[{"href":"https:\/\/trockist.net\/index.php\/wp-json\/wp\/v2\/media?parent=403"}],"wp:term":[{"taxonomy":"category","embeddable":true,"href":"https:\/\/trockist.net\/index.php\/wp-json\/wp\/v2\/categories?post=403"},{"taxonomy":"post_tag","embeddable":true,"href":"https:\/\/trockist.net\/index.php\/wp-json\/wp\/v2\/tags?post=403"}],"curies":[{"name":"wp","href":"https:\/\/api.w.org\/{rel}","templated":true}]}}