{"id":2995,"date":"2024-06-02T13:46:43","date_gmt":"2024-06-02T10:46:43","guid":{"rendered":"https:\/\/trockist.net\/?p=2995"},"modified":"2024-06-02T13:54:21","modified_gmt":"2024-06-02T10:54:21","slug":"gurcistanda-antidemokratik-yabanci-ajanlar-yasasina-karsi-kitlesel-eylemler","status":"publish","type":"post","link":"https:\/\/trockist.net\/index.php\/2024\/06\/02\/gurcistanda-antidemokratik-yabanci-ajanlar-yasasina-karsi-kitlesel-eylemler\/","title":{"rendered":"G\u00fcrcistan\u2019da antidemokratik &#8220;Yabanc\u0131 Ajanlar Yasas\u0131&#8221;na kar\u015f\u0131 kitlesel eylemler"},"content":{"rendered":"\n<p><strong>Yazar:<\/strong> Ezequiel Peressini*<\/p>\n\n\n\n<h4 class=\"wp-block-heading has-text-align-center\"><strong>***<\/strong><\/h4>\n\n\n\n<p>14 May\u0131s&#8217;ta Parlamento, gerici G\u00fcrc\u00fc R\u00fcyas\u0131 h\u00fck\u00fcmeti taraf\u0131ndan desteklenen ve STK\u2019lar ile yabanc\u0131 medyan\u0131n faaliyetlerini s\u0131n\u0131rland\u0131rmaya y\u00f6nelik Yabanc\u0131 Ajanlar Yasas\u0131n\u0131 kabul etti. Son haftalarda bu antidemokratik yasaya kar\u015f\u0131 devasa kitle seferberlikleri ger\u00e7ekle\u015fiyor. G\u00fcrcistan&#8217;\u0131n ba\u011f\u0131ms\u0131zl\u0131\u011f\u0131ndan 32 y\u0131l sonra ger\u00e7ekle\u015fen bu eylemler, Avrupa Birli\u011fi ve Rusya aras\u0131nda s\u0131k\u0131\u015fan \u00fclkenin siyasi krizini derinle\u015ftiriyor.<\/p>\n\n\n\n<p>G\u00fcrcistan Parlamentosu, &#8220;Yabanc\u0131 Ajanlar Yasas\u0131&#8221;n\u0131 2023&#8217;teki ilk denemesinin ba\u015far\u0131s\u0131z olmas\u0131n\u0131n ard\u0131ndan 14 May\u0131s\u2019ta 84 lehte ve 30 aleyhte oyla kabul etti. Bu yasayla h\u00fck\u00fcmet, fonlar\u0131n\u0131n y\u00fczde 20&#8217;sinden fazlas\u0131n\u0131 yurtd\u0131\u015f\u0131ndan alan STK&#8217;lar\u0131 ve medya kurulu\u015flar\u0131n\u0131 \u00f6zel bir sicile dahil olmaya ve mali durumlar\u0131na ili\u015fkin y\u0131ll\u0131k beyannameler sunmaya zorlayacak. Bu bask\u0131c\u0131 yasa, Putin&#8217;in ifade ve bas\u0131n \u00f6zg\u00fcrl\u00fc\u011f\u00fcn\u00fc ortadan kald\u0131rarak muhaliflere ac\u0131mas\u0131zca zulmetti\u011fi ve h\u00fck\u00fcmete kar\u015f\u0131 olan her t\u00fcrl\u00fc siyasi \u00f6rg\u00fctlenme giri\u015fimini bast\u0131rd\u0131\u011f\u0131 Rusya&#8217;daki yasan\u0131n ayn\u0131s\u0131.<\/p>\n\n\n\n<p>Bu kitlesel isyan, G\u00fcrc\u00fc halk\u0131n\u0131n ve gen\u00e7lerinin bu yasan\u0131n demokratik \u00f6zg\u00fcrl\u00fcklerin daha da k\u0131s\u0131tlanmas\u0131 y\u00f6n\u00fcnde bir ba\u015fka ad\u0131m oldu\u011funun tamamen fark\u0131nda oldu\u011funu g\u00f6steriyor. Ba\u015fkent Tiflis ve di\u011fer \u015fehirlerde on binlerce ki\u015fi sokaklar\u0131 i\u015fgal ederek seferber olmu\u015f durumda. Parlamento kap\u0131lar\u0131nda geceleyin de devam eden n\u00f6betler tutuldu. \u00d6te yandan, y\u00fczlerce ki\u015finin tutuklanmas\u0131 ve bir\u00e7o\u011funun yarg\u0131lanmas\u0131 ile bask\u0131lar artmaya devam etti. Bununla birlikte, yasan\u0131n onaylanmas\u0131n\u0131n ard\u0131ndan da eylemler devam etti ve Batum\u2019da oldu\u011fu gibi \u00fcniversitelere yay\u0131lmas\u0131yla \u00f6\u011frenci hareketi ve akademisyenlerin yasay\u0131 reddeden akademik boykot eylemleri (\u00f6\u011fretmen ve \u00f6\u011frenci grevleri) ger\u00e7ekle\u015fti.<\/p>\n\n\n\n<h4 class=\"wp-block-heading\"><strong>Avrupa Birli\u011fi&#8217;nin bo\u015f vaatleri<\/strong><\/h4>\n\n\n\n<p>Kitlesel seferberlikler sadece h\u00fck\u00fcmetin antidemokratik sald\u0131r\u0131lar\u0131na ve polis bask\u0131s\u0131na kar\u015f\u0131 de\u011fil. Kitleler ayn\u0131 zamanda, Aral\u0131k 2023&#8217;te G\u00fcrcistan&#8217;a &#8216;aday&#8217; stat\u00fcs\u00fc veren Avrupa Birli\u011fi&#8217;ne (AB) kat\u0131lma arzular\u0131n\u0131&nbsp; tehlikeye atabilecek bir engel olarak g\u00f6rd\u00fckleri i\u00e7in de \u201cRus yasas\u0131n\u0131n\u201d kald\u0131r\u0131lmas\u0131n\u0131 talep ediyorlar. AB&#8217;ye ili\u015fkin bu tutum yanl\u0131\u015f bir beklentiye dayan\u0131yor \u00e7\u00fcnk\u00fc AB&#8217;nin vaat etti\u011fi \u00f6zg\u00fcrl\u00fckler ve daha iyi ya\u015fam ko\u015fullar\u0131 hi\u00e7bir Avrupa \u00fclkesinde garanti alt\u0131na al\u0131nm\u0131\u015f de\u011fil. Avrupa Parlamentosu \u00fcyeleri ve emperyalizmin t\u00fcm temsilcileri, bu yasan\u0131n onaylanmas\u0131yla G\u00fcrcistan&#8217;\u0131n AB&#8217;ye giremeyece\u011fini belirtmek i\u00e7in G\u00fcrcistan&#8217;a gidiyor. Ama\u00e7lar\u0131 ise \u00e7okuluslu \u015firketlerine daha iyi s\u00f6m\u00fcr\u00fc kotalar\u0131 ve k\u00e2rlar sa\u011flamak.<\/p>\n\n\n\n<p>Ya\u015fad\u0131klar\u0131 sosyal kriz kar\u015f\u0131s\u0131nda AB&#8217;ye kat\u0131lman\u0131n ya\u015fam standartlar\u0131nda bir de\u011fi\u015fiklik anlam\u0131na gelebilece\u011fi y\u00f6n\u00fcndeki bu yanl\u0131\u015f alg\u0131n\u0131n k\u00f6kenleri, eski Sovyetler Birli\u011fi ve Do\u011fu Avrupa \u00fclkelerinin kapitalist restorasyonu s\u00fcrecindeki ekonomik ve siyasi geli\u015fmelere dayanmaktad\u0131r.<\/p>\n\n\n\n<h4 class=\"wp-block-heading\"><strong>\u00c7at\u0131\u015fman\u0131n ve kapitalist restorasyonun k\u00f6kenleri<\/strong><\/h4>\n\n\n\n<p>Kafkasya&#8217;daki krizin derin siyasi k\u00f6kleri mevcut. Kafkasya b\u00f6lgesinde yer alan 3,7 milyon n\u00fcfuslu G\u00fcrcistan, 19. y\u00fczy\u0131l boyunca Rusla\u015ft\u0131rma politikalar\u0131, Rus dili ve Rus Ortodoks H\u0131ristiyan Kilisesi&#8217;nin zorla dayat\u0131lmas\u0131yla Rus \u00e7arlar\u0131 taraf\u0131ndan \u015fiddetli bask\u0131larla s\u00f6m\u00fcrgele\u015ftirildi.&nbsp;<\/p>\n\n\n\n<p>Lenin ve Tro\u00e7ki \u00f6nderli\u011findeki 1917 Rus Devrimi&#8217;nin zaferi, bask\u0131c\u0131 \u00e7arl\u0131k rejiminin miras\u0131n\u0131 yenilgiye u\u011fratm\u0131\u015f ve G\u00fcrc\u00fc halk\u0131na kendi kaderini tayin etme hakk\u0131, diline ve geleneklerine sayg\u0131 g\u00f6stererek yeni kurulan Sovyetler Birli\u011fi&#8217;ne dahil olma imk\u00e2n\u0131 sunmu\u015ftur. Bu d\u00f6nemde Finlandiya ba\u011f\u0131ms\u0131zl\u0131\u011f\u0131n\u0131 kazanmakla birlikte birli\u011fe kat\u0131lmay\u0131p kapitalist bir \u00fclke olmaya devam ederken, \u00f6zg\u00fcrle\u015fmenin toprak reformu, b\u00fcy\u00fck toprak sahiplerinin topraklar\u0131n\u0131n da\u011f\u0131t\u0131lmas\u0131 ve \u00fcretimin toplumsalla\u015ft\u0131r\u0131lmas\u0131yla somutla\u015ft\u0131\u011f\u0131 G\u00fcrcistan&#8217;da SSCB&#8217;ye kat\u0131l\u0131m onaylanm\u0131\u015ft\u0131.&nbsp;<\/p>\n\n\n\n<p>Daha sonra Stalinist kar\u015f\u0131devrim bu demokratik ve sosyalist kazan\u0131mlara son verdi ve G\u00fcney Osetya ve Abhazya&#8217;y\u0131 zorla ilhak ederek G\u00fcrcistan&#8217;da askeri ve kriminal bir bask\u0131 politikas\u0131 uygulad\u0131.&nbsp;<\/p>\n\n\n\n<p>Gorba\u00e7ov h\u00fck\u00fcmetiyle birlikte Stalinizm, devrimin t\u00fcm kazan\u0131mlar\u0131n\u0131 tasfiye etmekle sonu\u00e7lanan bir politika uygulad\u0131. Gorba\u00e7ov&#8217;un eski D\u0131\u015fi\u015fleri Bakan\u0131 Eduard \u015eevardnadze&#8217;nin h\u00fck\u00fcmeti G\u00fcrcistan&#8217;da bu restorasyoncu ve bask\u0131c\u0131 politikan\u0131n yerel temsilcileriydi.<\/p>\n\n\n\n<p>1991&#8217;de b\u00fcy\u00fck kitle hareketleri zafer kazand\u0131, nefret edilen Stalinist rejim devrildi ve G\u00fcrcistan ba\u011f\u0131ms\u0131zl\u0131\u011f\u0131n\u0131 ilan etti. Ancak devrimci bir \u00f6nderli\u011fin yoklu\u011funda, burjuva y\u00f6neticiler haline gelen restorasyoncu b\u00fcrokrasi yoluna devam etti ve G\u00fcrc\u00fc halk\u0131 oligarklar ve \u00e7okuluslu \u015firketler taraf\u0131ndan s\u00f6m\u00fcr\u00fclmeye devam etti.&nbsp;<\/p>\n\n\n\n<h4 class=\"wp-block-heading\"><strong>G\u00fcl Devrimi\u2019nden Mihail Saaka\u015fvili&#8217;nin \u00f6zelle\u015ftirme politikalar\u0131n\u0131n ba\u015far\u0131s\u0131zl\u0131\u011f\u0131na<\/strong><\/h4>\n\n\n\n<p>2003 y\u0131l\u0131nda parlamento se\u00e7imleri yap\u0131ld\u0131. Eski Stalinist \u015eevardnadze y\u00fczde 21,3 oyla se\u00e7imi tekrar kazand\u0131. Se\u00e7imlerde hile yap\u0131ld\u0131\u011f\u0131na dair tepkiler y\u00fckseldi. Bu \u00f6fke \u00e7ok ge\u00e7meden kitlesel bir harekete d\u00f6n\u00fc\u015ft\u00fc ve parlamentonun arka kap\u0131s\u0131ndan ka\u00e7mak zorunda kalan cumhurba\u015fkan\u0131 iktidardan uzakla\u015ft\u0131r\u0131ld\u0131. Bu s\u00fcre\u00e7 \u201cG\u00fcl Devrimi\u201d olarak an\u0131lmaya ba\u015fland\u0131 ve 1998 Rus ekonomik krizinin etkilerine ve G\u00fcrcistan&#8217;\u0131n emek\u00e7i halk\u0131n\u0131 bo\u011fan k\u00f6t\u00fcle\u015fen ya\u015fam ko\u015fullar\u0131, yolsuzluk ve bask\u0131ya kar\u015f\u0131 artan ho\u015fnutsuzlu\u011fu ortaya koydu.&nbsp;<\/p>\n\n\n\n<p>D\u00fc\u015f\u00fc\u015f\u00fcnden birka\u00e7 g\u00fcn sonra, seferberliklerin b\u00fcy\u00fcmesini ve iktidar bo\u015flu\u011funu \u00f6nlemek amac\u0131yla \u015eevardnadze, m\u00fczakerelerle kabul edilmi\u015f bir \u00e7\u0131k\u0131\u015f plan\u0131 i\u00e7in \u00fclkedeki di\u011fer siyasi liderlerle bir toplant\u0131 d\u00fczenledi. Bu m\u00fczakereler sonucunda, Birle\u015fik Ulusal Hareket&#8217;ten (BUH) Mihail Saaka\u015fvili, parlamento taraf\u0131ndan G\u00fcrcistan&#8217;\u0131n yeni ba\u015fkan\u0131 olarak atand\u0131 ve elinde g\u00fcllerle halk hareketini arkas\u0131na alarak g\u00f6revi devrald\u0131. BUH kendini demokratik bir de\u011fi\u015fim olarak sunuyordu. Ancak, kurt her zaman kuzunun k\u0131l\u0131\u011f\u0131na girer.<\/p>\n\n\n\n<p>Saaka\u015fvili\u2019nin g\u00f6rev s\u00fcresi boyunca kamusal hizmetler \u00f6zelle\u015ftirildi. Kamu sa\u011fl\u0131\u011f\u0131 tasfiye edildi ve devlet hastaneleri ile klinikleri ortadan kalkt\u0131. Ekonomi ve finansal i\u015flemler serbestle\u015ftirildi. Rus n\u00fcfusu zulme maruz b\u0131rak\u0131ld\u0131. Silahl\u0131 kuvvetler ABD&#8217;de e\u011fitildi ve Irak ve Afganistan&#8217;a asker g\u00f6nderildi. Demokratik \u00f6zg\u00fcrl\u00fckler ciddi \u015fekilde sald\u0131r\u0131ya u\u011frad\u0131.<\/p>\n\n\n\n<p>2008 y\u0131l\u0131nda Mihail Saaka\u015fvili, G\u00fcrcistan&#8217;\u0131n taihsel topraklar\u0131n\u0131 ve ayr\u0131ca milliyet\u00e7i taban\u0131n\u0131n prestijini yeniden kazanmak i\u00e7in G\u00fcney Osetya ve Abhazya&#8217;n\u0131n i\u015fgal edilmesi emrini verdi. Bu durum Rusya ile sava\u015fa yol a\u00e7t\u0131 ve Rusya m\u00fcdahale ederek birka\u00e7 g\u00fcn i\u00e7inde b\u00f6lgeyi geri ald\u0131, G\u00fcrc\u00fc ordusunu yenilgiye u\u011fratt\u0131 ve ard\u0131ndan her iki cumhuriyetin s\u00f6zde \u00f6zerkli\u011fini tan\u0131d\u0131. Ancak Putin ve Medvedev \u00e7ekilmeden \u00f6nce geride yakla\u015f\u0131k 13 bin askerlik operasyon birli\u011finin bulundu\u011fu d\u00f6rt askeri \u00fcs b\u0131rakt\u0131. BUH\u2019un bu askeri ve siyasi ba\u015far\u0131s\u0131zl\u0131\u011f\u0131, iktidardaki koalisyonun \u00f6l\u00fcmc\u00fcl bir yara almas\u0131na yol a\u00e7t\u0131.<\/p>\n\n\n\n<h4 class=\"wp-block-heading\"><strong>G\u00fcrc\u00fc R\u00fcyas\u0131, totaliter i\u015fadam\u0131 Bidzina \u0130vani\u015fvili ve \u201cRus Yasas\u0131\u201d<\/strong><\/h4>\n\n\n\n<p>G\u00fcrc\u00fc R\u00fcyas\u0131, Nisan 2012&#8217;de, sava\u015ftaki yenilgi nedeniyle BUH&#8217;un kriz i\u00e7erisinde olmas\u0131ndan yararlanma amac\u0131yla yeni bir kapitalist siyasi koalisyon olarak kuruldu. 2 Ekim 2012&#8217;deki parlamento se\u00e7imlerini kazanarak bu hedefini ger\u00e7ekle\u015ftirdi ve Bidzina \u0130vani\u015fvili ba\u015fbakan oldu.<\/p>\n\n\n\n<p>Koalisyon, Forbes dergisine g\u00f6re 6,4 milyar dolarl\u0131k bir servete sahip olan ve G\u00fcrcistan&#8217;\u0131n en zengin oligark\u0131 olan i\u015fadam\u0131 Bidzina \u0130vani\u015fvili taraf\u0131ndan y\u00f6netiliyor; ideologlar\u0131 ve yak\u0131n ortaklar\u0131 aras\u0131nda g\u00f6revden al\u0131nan Eduard \u015eevardnadze&#8217;nin eski \u00e7evresi de var. \u0130vani\u015fvili, siyaseti b\u0131rak\u0131p \u00e7o\u011funlukla Rusya&#8217;da i\u015f yapmaya devam etmeden \u00f6nce, Ekim 2012&#8217;den Kas\u0131m 2013&#8217;e kadar ba\u015fbakanl\u0131k yapt\u0131. H\u00fck\u00fcmetin &#8220;ba\u015fdan\u0131\u015fman\u0131 ve yeni bir g\u00fc\u00e7 merkezi&#8221; olmak \u00fczere Aral\u0131k 2023&#8217;te G\u00fcrcistan&#8217;a d\u00f6nd\u00fc.<\/p>\n\n\n\n<p>\u0130vani\u015fvili\u2019nin ABD kar\u015f\u0131t\u0131 s\u00f6ylemi ve Rus oligar\u015fisiyle olan a\u00e7\u0131k ekonomik ili\u015fkileri, G\u00fcrcistan&#8217;\u0131n AB&#8217;deki m\u00fcttefikleri aras\u0131nda endi\u015felere yol a\u00e7\u0131yor. Ukrayna direni\u015fini desteklemeyi ve &#8220;ikinci bir cephe a\u00e7may\u0131&#8221; reddetmesi, \u0130vani\u015fvili&#8217;yi Rusya&#8217;n\u0131n do\u011frudan veya dolayl\u0131 olarak i\u015flerini s\u00fcrd\u00fcrmek istedi\u011fi bir m\u00fcttefik olarak ortaya koyuyor. \u00d6te yandan, G\u00fcrcistan&#8217;daki t\u00fcm burjuva partilerde oldu\u011fu gibi, \u0130vani\u015fvili ve partisinin siyasi program\u0131nda da&nbsp; G\u00fcrcistan&#8217;\u0131n AB&#8217;ye ve ayn\u0131 zamanda NATO&#8217;ya giri\u015fi savunuluyor.<\/p>\n\n\n\n<p>Oligark \u0130vani\u015fvili, ne Rus oligarklar\u0131yla ne de Avrupal\u0131 \u00e7okuluslu \u015firketlerle olan i\u015flerini kaybetmek istiyor ve iki taraf\u0131 da idare etmeye \u00e7al\u0131\u015f\u0131yor.<\/p>\n\n\n\n<p>Bir yandan totaliter ve Rus yanl\u0131s\u0131 e\u011filimleriyle petrol ve gaz alan\u0131ndaki Rus yat\u0131r\u0131mlar\u0131 i\u00e7in daha iyi ko\u015fullar\u0131 m\u00fczakere etmeye \u00e7al\u0131\u015f\u0131yor. T\u0131pk\u0131 ge\u00e7mi\u015fte Rusya ile ba\u011flant\u0131lar\u0131 olan Lukoil veya Petrocas Fuel Services Georgia \u015firketleriyle i\u015f yapt\u0131\u011f\u0131 gibi.&nbsp; Ayr\u0131ca, Cellfie (eski ad\u0131yla Beeline) gibi ileti\u015fim \u015firketleri veya IDS Borjomi ve RMG gibi madencilik ve su \u015firketleri \u00fczerinden de i\u015f alanlar\u0131n\u0131 geni\u015fletmek istiyor.<\/p>\n\n\n\n<p>\u00d6te yandan, Frans\u0131z \u00e7okuluslu \u015firketi TotalEnergies ile i\u015flerini kaybetmemek i\u00e7in AB ile ittifaklar kurmaya \u00e7al\u0131\u015f\u0131yor. TotalEnergies, Azerbaycan&#8217;dan T\u00fcrkiye&#8217;ye uzanan ve Hazar Denizi&#8217;ni Karadeniz&#8217;e ba\u011flayan, G\u00fcrcistan&#8217;\u0131n tamam\u0131n\u0131 ge\u00e7en d\u00fcnyan\u0131n en uzun ikincisi olan BTC Boru Hatt\u0131&#8217;n\u0131n sahibidir. Ayr\u0131ca, Britanyal\u0131 Stemcor&#8217;a ait Georgian Manganese Holding&#8217;in elinde bulunan magnezyum madencili\u011finin ganimetlerinden pay alma aray\u0131\u015f\u0131nda.<\/p>\n\n\n\n<p>Son 10 y\u0131ld\u0131r y\u00fcksek ticaret a\u00e7\u0131\u011f\u0131 veren bir \u00fclkede \u2013 2023&#8217;te %9,3 \u2013 oligarklar ve kapitalistler, k\u00e2rlar\u0131n\u0131 art\u0131rmak amac\u0131yla do\u011frudan yabanc\u0131 yat\u0131r\u0131mlardan bir pay almak i\u00e7in her \u015feyi yap\u0131yorlar. \u00dcstelik bu yat\u0131r\u0131mlar\u0131n \u00e7o\u011fu, neredeyse hi\u00e7 denetim olmadan ger\u00e7ekle\u015fen finansal yat\u0131r\u0131mlar ve i\u015flerden geliyor.<\/p>\n\n\n\n<h4 class=\"wp-block-heading\"><strong>Ba\u011f\u0131ms\u0131zl\u0131k ve restorasyondan 32 y\u0131l sonra, AB \u00fcyeli\u011fi bir \u00e7\u0131k\u0131\u015f yolu mu?<\/strong><\/h4>\n\n\n\n<p>G\u00fcrcistan&#8217;\u0131n ba\u011f\u0131ms\u0131zl\u0131\u011f\u0131n\u0131n \u00fczerinden 32 ve kapitalist restorasyonun \u00fczerinden onlarca y\u0131l ge\u00e7ti. Ya\u015fam ko\u015fullar\u0131 iyile\u015fti mi veya demokratik haklar sorunu \u00e7\u00f6z\u00fcld\u00fc m\u00fc? Hay\u0131r, bunlar h\u00e2l\u00e2 \u00e7\u00f6z\u00fclmedi. Ancak b\u00fcy\u00fck kapitalistler dolgun k\u00e2rlar elde etmeye devam ediyor.<\/p>\n\n\n\n<p>21. y\u00fczy\u0131l\u0131n ba\u015f\u0131ndan itibaren G\u00fcrcistan&#8217;da asgari \u00fccret sadece 7,5 dolar (20 GEL) ve bu rakam 1999&#8217;dan beri g\u00fcncellenmedi. Ortalama \u00fccret 400 dolar iken, insanca bir ya\u015fam i\u00e7in gereken \u00fccretin en az 650 dolar oldu\u011fu tahmin edilmekte. Bu rakam, Almanya&#8217;daki ortalama 2.000 avroluk \u00fccretin \u00e7ok alt\u0131nda. Dahas\u0131, i\u015f\u00e7ilerin y\u00fczde 15,6&#8217;s\u0131n\u0131n yoksulluk i\u00e7inde ya\u015fad\u0131\u011f\u0131 ve h\u00fck\u00fcmetin sosyal g\u00fcvencesi olmayan 650 bin ki\u015fiye ayda sadece 18 dolarl\u0131k sefil bir ge\u00e7im \u00f6dene\u011fi sundu\u011fu ger\u00e7e\u011fi s\u00f6z konusu.&nbsp;<\/p>\n\n\n\n<p>AB&#8217;ye kat\u0131lmak bu durumu iyile\u015ftirir mi? Polonya, Macaristan, Bulgaristan ya da Romanya gibi AB&#8217;ye kat\u0131lan \u00fclkeler, Almanya ya da Fransa&#8217;n\u0131n \u00e7okuluslu \u015firketleri taraf\u0131ndan s\u00f6m\u00fcr\u00fcl\u00fcyor. Bu \u00fclkelerin i\u015f\u00e7ileri AB&#8217;deki en d\u00fc\u015f\u00fck \u00fccretlere sahip. AB&#8217;ye kat\u0131l\u0131m\u0131n ard\u0131ndan merkezi kapitalist g\u00fc\u00e7ler, \u00e7okuluslu \u015firketlerinin kasalar\u0131 i\u00e7in \u00f6denmemi\u015f \u00fccretleri \u00e7eken bir s\u00fcp\u00fcrge gibi \u00e7al\u0131\u015f\u0131yor ve geriye hi\u00e7bir \u015fey b\u0131rakm\u0131yor. Kapitalist kriz b\u00fcy\u00fcd\u00fck\u00e7e ya\u015fam ko\u015fullar\u0131 da k\u00f6t\u00fcle\u015fiyor. En g\u00fc\u00e7l\u00fc olanlar\u0131 dahil t\u00fcm AB \u00fclkeleri, g\u00fc\u00e7l\u00fc grevlere ve eylemlere yol a\u00e7an a\u011f\u0131r kemer s\u0131kma planlar\u0131n\u0131 uygulamaya koyuyor.<\/p>\n\n\n\n<h4 class=\"wp-block-heading\"><strong>M\u00fccadele h\u00e2l\u00e2 devam ediyor. Rus Yasas\u0131\u2019na hay\u0131r!<\/strong><\/h4>\n\n\n\n<p>Antidemokratik \u201cRus Yasas\u0131\u201d yenilgiye u\u011frat\u0131lmal\u0131d\u0131r, aksi takdirde bu yasa, talepleri i\u00e7in harekete ge\u00e7en ve m\u00fccadele eden herkese kar\u015f\u0131 kullan\u0131lacakt\u0131r. \u00c7iatura kompleksindeki 3.500&#8217;den fazla maden i\u015f\u00e7isi gibi \u00fccretler i\u00e7in m\u00fccadele eden sendikalara kar\u015f\u0131, ya\u011fmaya ve \u00e7evre tahribat\u0131na kar\u015f\u0131 \u00e7\u0131kanlara kar\u015f\u0131 kullan\u0131lacakt\u0131r. \u0130vani\u015fvili ve \u201calt\u0131n r\u00fcyas\u0131\u201d taraf\u0131ndan \u00f6zellikle nefret edilen ve zul\u00fcm g\u00f6ren; emek, sosyal ve demokratik haklar\u0131 i\u00e7in ve cinsel \u015fiddete kar\u015f\u0131 m\u00fccadele eden kad\u0131nlara ve lgbti+lara kar\u015f\u0131 kullan\u0131lacakt\u0131r.<\/p>\n\n\n\n<p>\u0130\u015f\u00e7ilerin Uluslararas\u0131 Birli\u011fi-D\u00f6rd\u00fcnc\u00fc Enternasyonal (\u0130UB-DE) olarak bu seferberli\u011fi selaml\u0131yor ve totaliter h\u00fck\u00fcmetin bask\u0131s\u0131n\u0131 reddediyoruz. Gen\u00e7ler ve m\u00fccadele eden i\u015f\u00e7iler bir taraftan AB\u2019nin bas\u0131nc\u0131 di\u011fer taraftan sosyalist \u00f6nderli\u011fin yoklu\u011fu alt\u0131nda, onlarca y\u0131ll\u0131k Stalinizm ve kapitalist restorasyondan kaynakl\u0131 h\u00fck\u00fcm s\u00fcren kafa kar\u0131\u015f\u0131kl\u0131\u011f\u0131 aras\u0131nda yollar\u0131n\u0131 bulmaya \u00e7al\u0131\u015f\u0131yor. Rus yasas\u0131n\u0131 ve h\u00fck\u00fcmetin bask\u0131 politikalar\u0131n\u0131 yenilgiye u\u011fratmak, geni\u015f kitleler i\u00e7in bir kabusa d\u00f6n\u00fc\u015fen G\u00fcrc\u00fc R\u00fcyas\u0131 h\u00fck\u00fcmetini yenmenin ilk ad\u0131m\u0131 olacakt\u0131r. Seferberli\u011fin s\u0131cakl\u0131\u011f\u0131nda yeni i\u015f\u00e7i ve halk \u00f6rg\u00fctlenmeleri ortaya \u00e7\u0131kabilir. S\u00f6m\u00fcrenlerin, bask\u0131n\u0131n olmad\u0131\u011f\u0131 bir G\u00fcrcistan, Avrupa ve d\u00fcnya i\u00e7in m\u00fccadele, b\u00f6ylesi \u00f6rg\u00fctlenmeler \u00fczerinden y\u00fckselecektir.<\/p>\n\n\n\n<h4 class=\"wp-block-heading has-text-align-center\"><strong>***<\/strong><\/h4>\n\n\n\n<p><strong>(*)<\/strong> Ezequiel Peressini \u0130UB-DE\u2019nin Arjantin seksiyonu olan Sosyalist Sol\u2019un liderlerindendir. 2015-2019 y\u0131llar\u0131 aras\u0131nda Cordoba eyaletinde \u0130\u015f\u00e7ilerin ve Solun Cephesi-Birlik\u2019in (FIT-U) milletvekili olarak g\u00f6rev yapm\u0131\u015ft\u0131r.<\/p>\n","protected":false},"excerpt":{"rendered":"<p>Yazar: Ezequiel Peressini* *** 14 May\u0131s&#8217;ta Parlamento, gerici G\u00fcrc\u00fc R\u00fcyas\u0131 h\u00fck\u00fcmeti taraf\u0131ndan desteklenen ve STK\u2019lar ile yabanc\u0131 medyan\u0131n faaliyetlerini s\u0131n\u0131rland\u0131rmaya y\u00f6nelik Yabanc\u0131 Ajanlar Yasas\u0131n\u0131 kabul etti. Son haftalarda bu antidemokratik yasaya kar\u015f\u0131 devasa kitle seferberlikleri ger\u00e7ekle\u015fiyor. G\u00fcrcistan&#8217;\u0131n ba\u011f\u0131ms\u0131zl\u0131\u011f\u0131ndan 32 y\u0131l sonra ger\u00e7ekle\u015fen bu eylemler, Avrupa Birli\u011fi ve Rusya aras\u0131nda s\u0131k\u0131\u015fan \u00fclkenin siyasi krizini derinle\u015ftiriyor. G\u00fcrcistan [&hellip;]<\/p>\n","protected":false},"author":8,"featured_media":2996,"comment_status":"open","ping_status":"open","sticky":false,"template":"","format":"standard","meta":{"_exactmetrics_skip_tracking":false,"_exactmetrics_sitenote_active":false,"_exactmetrics_sitenote_note":"","_exactmetrics_sitenote_category":0,"footnotes":""},"categories":[701],"tags":[1148,1147,1149,153],"class_list":["post-2995","post","type-post","status-publish","format-standard","has-post-thumbnail","hentry","category-politika","tag-avrupa-birligi","tag-gurcistan","tag-kafkasya","tag-rusya"],"_links":{"self":[{"href":"https:\/\/trockist.net\/index.php\/wp-json\/wp\/v2\/posts\/2995","targetHints":{"allow":["GET"]}}],"collection":[{"href":"https:\/\/trockist.net\/index.php\/wp-json\/wp\/v2\/posts"}],"about":[{"href":"https:\/\/trockist.net\/index.php\/wp-json\/wp\/v2\/types\/post"}],"author":[{"embeddable":true,"href":"https:\/\/trockist.net\/index.php\/wp-json\/wp\/v2\/users\/8"}],"replies":[{"embeddable":true,"href":"https:\/\/trockist.net\/index.php\/wp-json\/wp\/v2\/comments?post=2995"}],"version-history":[{"count":1,"href":"https:\/\/trockist.net\/index.php\/wp-json\/wp\/v2\/posts\/2995\/revisions"}],"predecessor-version":[{"id":2997,"href":"https:\/\/trockist.net\/index.php\/wp-json\/wp\/v2\/posts\/2995\/revisions\/2997"}],"wp:featuredmedia":[{"embeddable":true,"href":"https:\/\/trockist.net\/index.php\/wp-json\/wp\/v2\/media\/2996"}],"wp:attachment":[{"href":"https:\/\/trockist.net\/index.php\/wp-json\/wp\/v2\/media?parent=2995"}],"wp:term":[{"taxonomy":"category","embeddable":true,"href":"https:\/\/trockist.net\/index.php\/wp-json\/wp\/v2\/categories?post=2995"},{"taxonomy":"post_tag","embeddable":true,"href":"https:\/\/trockist.net\/index.php\/wp-json\/wp\/v2\/tags?post=2995"}],"curies":[{"name":"wp","href":"https:\/\/api.w.org\/{rel}","templated":true}]}}