{"id":2685,"date":"2022-09-16T13:11:11","date_gmt":"2022-09-16T10:11:11","guid":{"rendered":"https:\/\/trockist.net\/?p=2685"},"modified":"2022-09-16T13:11:13","modified_gmt":"2022-09-16T10:11:13","slug":"iub-de-uluslararasi-sekreterligi-ukrayna-isgali-kapitalizmin-krizini-derinlestiriyor","status":"publish","type":"post","link":"https:\/\/trockist.net\/index.php\/2022\/09\/16\/iub-de-uluslararasi-sekreterligi-ukrayna-isgali-kapitalizmin-krizini-derinlestiriyor\/","title":{"rendered":"\u0130UB-DE Uluslararas\u0131 Sekreterli\u011fi: &#8220;Ukrayna i\u015fgali kapitalizmin krizini derinle\u015ftiriyor&#8221;"},"content":{"rendered":"\n<h2 class=\"wp-block-heading\"><strong>D\u00fcnya durumu \u00fczerine deklarasyon<\/strong><\/h2>\n\n\n\n<h2 class=\"wp-block-heading\"><strong>Ukrayna i\u015fgali kapitalizmin krizini derinle\u015ftiriyor<\/strong><\/h2>\n\n\n\n<h4 class=\"wp-block-heading\"><strong>1) Putin\u2019in Ukrayna\u2019y\u0131 i\u015fgali kapitalist emperyalist sistemin krizinde ve \u00e7\u00f6k\u00fc\u015f\u00fcnde bir s\u0131\u00e7rama yarat\u0131yor<\/strong><\/h4>\n\n\n\n<p>Be\u015f ayd\u0131r s\u00fcrmekte olan Ukrayna\u2019daki sava\u015f, kapitalizmin k\u00fcresel krizinin vahametinin alt\u0131n\u0131 \u00e7iziyor. Gezegenin her k\u00f6\u015fesinde enflasyon, k\u00fcresel resesyon riski, enerji ve g\u0131da fiyatlar\u0131nda art\u0131\u015f, toplumsal e\u015fitsizli\u011fin derinle\u015fmesi, silahlanmaya daha fazla harcama, k\u00fcresel \u0131s\u0131nman\u0131n ilerlemesi ve halklar\u0131n yeni isyanlar\u0131 s\u00f6z konusu\u2026 Bu durum, emperyalizmin, IMF\u2019nin ve h\u00fck\u00fcmetlerin i\u015f\u00e7i s\u0131n\u0131f\u0131n\u0131n omuzlar\u0131na y\u00fcklemeye \u00e7al\u0131\u015faca\u011f\u0131 ve k\u00fcresel s\u0131n\u0131f m\u00fccadelesinde devasa sonu\u00e7lara yol a\u00e7acak olan bir krizdir.<\/p>\n\n\n\n<p>Birle\u015fik Devletler ve Avrupa emperyalizmlerinin s\u00f6zc\u00fcleri, bu \u00e7\u00f6k\u00fc\u015f\u00fcn tamamen Putin\u2019in Ukrayna\u2019y\u0131 i\u015fgalinden kaynakland\u0131\u011f\u0131n\u0131 iddia ederek, onu me\u015frula\u015ft\u0131rmak istiyor. Hi\u00e7 \u015f\u00fcphe yok ki Ukrayna\u2019n\u0131n i\u015fgali \u00f6nemli bir fakt\u00f6r; ancak ger\u00e7ekte bu sava\u015f Covid-19 pandemisiyle k\u00f6t\u00fcle\u015fen 2007 krizi neticesinde zaten \u0131zd\u0131rap \u00e7ekmekte olan d\u00fcnya ekonomisinin ve b\u00fct\u00fcn bir kapitalist emperyalist sistemin k\u00fcresel krizinin yol a\u00e7t\u0131\u011f\u0131 yang\u0131na k\u00f6r\u00fckle gitmekten ba\u015fka bir \u015fey yapmad\u0131.<\/p>\n\n\n\n<p>\u015eu an ya\u015fanmakta olan, \u0130UB-DE\u2019nin 2020\u2019nin ortas\u0131nda yapm\u0131\u015f oldu\u011fu ve bizlerin \u201ckapitalizmin tarihteki en k\u00f6t\u00fc krizini\u201d ya\u015fad\u0131\u011f\u0131m\u0131z\u0131 ilan eden tan\u0131mlamay\u0131 do\u011frulamaktad\u0131r. O s\u0131rada \u015fu noktaya parmak basm\u0131\u015ft\u0131k: <\/p>\n\n\n\n<blockquote class=\"wp-block-quote is-layout-flow wp-block-quote-is-layout-flow\"><p>\u201cCovid-19, 2007\u2019de ba\u015flayan kapitalist iktisadi krizin s\u0131\u00e7ray\u0131\u015fa ge\u00e7mesine neden olmu\u015ftur. Somut olarak, bunun yeni ve derin bir krize neden oldu\u011funu d\u00fc\u015f\u00fcn\u00fcyoruz; bu y\u00fczden kapitalizmin tarihinde ya\u015fanan en ciddi krizle ba\u015f ba\u015fa oldu\u011fumuzu \u00f6ne s\u00fcr\u00fcyoruz. [\u2026] Bu daha \u00f6nceki krizle ayn\u0131 \u015fey de\u011fil, onun \u00fczerine bir s\u0131\u00e7ray\u0131\u015f. Hem burjuvazi hem de kitleler i\u00e7in kapitalizmde daha \u00f6nce g\u00f6r\u00fclmemi\u015f bir krize neden oldu. Kapitalizm ve buna ba\u011fl\u0131 olarak insanl\u0131k i\u00e7in devasa bir de\u011fi\u015fimi beraberinde getiriyor.\u201d <a href=\"https:\/\/trockist.net\/index.php\/2021\/09\/03\/iub-de-vii-dunya-kongresi-koronavirus-krizinde-dunya-durumuna-dair-guncelleme\/\">(\u201c\u0130UB-DE VII. D\u00fcnya Kongresi: Koronavir\u00fcs krizinde d\u00fcnya durumuna dair g\u00fcncelleme\u201d, A\u011fustos 2020)<\/a><\/p><\/blockquote>\n\n\n\n<p>Putin\u2019in Ukrayna\u2019y\u0131 i\u015fgali bu a\u011f\u0131r kriz, devasa ekonomik geri \u00e7ekili\u015f ve pastan\u0131n payla\u015f\u0131m\u0131 noktas\u0131ndaki burjuvazi i\u00e7i \u00e7at\u0131\u015fmalar ba\u011flam\u0131nda a\u00e7\u0131klanabilir. Rusya derin bir ekonomik k\u00f6t\u00fcle\u015fmeden muzdarip. Putin emek\u00e7i halka kar\u015f\u0131 kemer s\u0131kma \u00f6nlemleri almak ve i\u00e7eride bask\u0131y\u0131 artt\u0131rmak zorunda kald\u0131; b\u00fct\u00fcn bunlar b\u00fcy\u00fck bir politik y\u0131pranmaya neden oldu. Eyl\u00fcl 2021\u2019deki se\u00e7imlerde Putin\u2019in oylar\u0131 d\u00fc\u015ft\u00fc. Bu s\u0131rada Belarus ile Kazakistan\u2019daki halk ayaklanmalar\u0131n\u0131 bast\u0131rmak durumunda kald\u0131. Putin\u2019in Ukrayna\u2019y\u0131 i\u015fgali, kendi politik gerileyi\u015fini durdurmaya, Rus halk\u0131n\u0131 hatal\u0131 \u201canavatan\u0131n savunulmas\u0131\u201d slogan\u0131 alt\u0131nda birle\u015ftirmeye ve di\u011fer emperyalist g\u00fc\u00e7lerle alan tart\u0131\u015fmalar\u0131na girmeye \u00e7abalayan umutsuz bir politik-asker\u00ee manevrad\u0131r. Ukrayna\u2019daki sava\u015f krizin bir ifadesidir ve kar\u015f\u0131l\u0131\u011f\u0131nda bu krizi, politik, ekonomik ve toplumsal sonu\u00e7lar\u0131 bak\u0131m\u0131ndan derinle\u015ftirmektedir.<\/p>\n\n\n\n<h4 class=\"wp-block-heading\"><strong>2) Kapitalist d\u00fcnya ekonomisinin krizi derinle\u015fiyor<\/strong><\/h4>\n\n\n\n<p>Kapitalist d\u00fcnya ekonomisi yeni bir sars\u0131nt\u0131 ya\u015f\u0131yor. T\u00fcm veriler, emperyalist \u00f6rg\u00fctlerin i\u015faret etti\u011fi varsay\u0131lan b\u00fcy\u00fcme ve toparlanma g\u00f6stergelerinde yeni bir d\u00fc\u015f\u00fc\u015fe i\u015faret ediyor. Bir\u00e7ok burjuva analizcisi daha \u015fimdiden Avrupa ile Birle\u015fik Devletler\u2019de olas\u0131 bir resesyondan s\u00f6z ediyorlar. K\u00f6t\u00fcmserlik yay\u0131l\u0131yor. JPMorgan Chase\u2019in ba\u015f\u0131nda bulunan, d\u00fcnyan\u0131n en g\u00fc\u00e7l\u00fc bankerlerinden Jamie Dimon \u015f\u00f6yle diyor: \u201cEkonomik sorunlar ge\u00e7ici de\u011fil. Durum \u00e7ok daha fazla k\u00f6t\u00fcle\u015febilir.\u201d (<em>El Pa\u00eds<\/em>, 9 Temmuz 2022)<\/p>\n\n\n\n<p>Veriler, patronlar\u0131n bu k\u00f6t\u00fcmserli\u011finin nedenini a\u00e7\u0131kl\u0131yor. Enerji ve g\u0131da fiyatlar\u0131 dramatik bir bi\u00e7imde y\u00fckseldi. Senenin sonuna do\u011fru Avrupa b\u00f6lgesi resesyona girebilir. D\u00fcnya enflasyonu h\u0131zla y\u00fckseliyor; \u015fimdiden 34 y\u0131l\u0131n en y\u00fcksek seviyesine gelerek rekor k\u0131rd\u0131. Sava\u015f bir fakt\u00f6r olabilir, ancak bu durumun temel sebebi de\u011fil. \u201cSava\u015f a\u00e7\u0131k\u00e7a g\u0131da ve enerji fiyatlar\u0131n\u0131 etkiledi \u00e7\u00fcnk\u00fc Rusya bu \u00fcr\u00fcnlerin g\u00fc\u00e7l\u00fc bir ihracat\u00e7\u0131s\u0131; ancak enflasyon, sava\u015f\u0131n ba\u015flamas\u0131ndan \u00f6nce y\u00fckselmeye ba\u015flad\u0131, dolay\u0131s\u0131yla bu \u00e7at\u0131\u015fma enflasyonun art\u0131\u015f\u0131n\u0131n temel nedeni de\u011fil.\u201d (Ricardo Arriazu, <em>Clar\u00edn<\/em>, Arjantin, 22 May\u0131s 2022) Birle\u015fik Devletler\u2019de %9,1 ile (son 40 y\u0131l\u0131n en y\u00fcksek oran\u0131) enflasyon rekoru k\u0131r\u0131ld\u0131. Avro b\u00f6lgesinde y\u0131ll\u0131k bazda al\u0131\u015f\u0131lmad\u0131k bir \u015fekilde %8,6\u2019ya ula\u015ft\u0131. Enflasyon T\u00fcrkiye\u2019de %73,5, Arjantin\u2019de %80 ve Zimbabwe\u2019de %130 d\u00fczeyinde.<\/p>\n\n\n\n<p>Kriz bir yandan k\u00f6t\u00fcle\u015firken, \u00f6zellikle yar\u0131 s\u00f6m\u00fcrgelerde d\u0131\u015f borcun artmay\u0131 s\u00fcrd\u00fcr\u00fcyor olmas\u0131 \u00fczerinden emperyalist ya\u011fma derinle\u015fiyor. Tahminlere g\u00f6re \u201c2021\u2019de %7,8 artarak 65,4 trilyon ABD dolar\u0131na y\u00fckselen d\u00fcnya kamu borcu, bu y\u0131l %9,5 artarak, rekor bir d\u00fczeye, 71,6 trilyon ABD dolar\u0131na ula\u015facak.\u201d(<em>Europa Press<\/em>, <em>La Nacion<\/em>, Arjantin, 5 May\u0131s 2022)<\/p>\n\n\n\n<p>T\u0131rmanan enflasyon ve yoklu\u011fa s\u00fcr\u00fcklenen milyarlarca emek\u00e7i ailesi b\u00fcy\u00fck enerji, g\u0131da ve banka tekellerine devasa k\u00e2rlar sa\u011fl\u0131yorlar.<\/p>\n\n\n\n<p>OECD\u2019nin ba\u015f ekonomisti olan Laurence Boone \u015f\u00f6yle yaz\u0131yor: \u201cD\u00fcnyada Rus petrol\u00fcne uygulanan ambargoyu tamamen dengelemek i\u00e7in yeterli miktarda olan ama kullan\u0131lmayan petrol var. Bu petrol, K\u00f6rfez \u00fclkeleri taraf\u0131ndan b\u0131rak\u0131lsa veya OPEC taraf\u0131ndan b\u0131rak\u0131lsa, fiyat art\u0131\u015f\u0131na sebep olunmayacakt\u0131.\u201d(<em>El Pa\u00eds<\/em>&#8216;den, <em>La Nacion<\/em>, 12 Haziran 2022) Ba\u015fka bir deyi\u015fle, \u00fcretimi manip\u00fcle eden ve m\u00fcthi\u015f k\u00e2rlar\u0131n\u0131 desteklemek i\u00e7in fiyatlar \u00fczerinde spek\u00fclasyon yapanlar \u00e7okuluslu petrol \u015firketleridir.<\/p>\n\n\n\n<p>B\u00fct\u00fcn bunlar, b\u00fct\u00fcn d\u00fcnyada kitlelerin ya\u015fam standartlar\u0131nda yeni ve ba\u015f d\u00f6nd\u00fcr\u00fcc\u00fc bir d\u00fc\u015f\u00fc\u015fe neden oluyor.<\/p>\n\n\n\n<p>A\u00e7l\u0131k b\u00fcy\u00fcmeyi s\u00fcrd\u00fcr\u00fcyor. 2021\u2019de d\u00fcnyada a\u00e7l\u0131ktan muzdarip olan 828 milyon insan vard\u0131; bu, 2020\u2019deki say\u0131dan 46 milyon, 2019\u2019daki say\u0131dan ise 150 milyon daha fazla. D\u00fcnyada yakla\u015f\u0131k 2.3 milyar insan (d\u00fcnya n\u00fcfusunun %29,3\u2019\u00fc) 2021\u2019de orta veya y\u00fcksek \u015fiddetli g\u0131da g\u00fcvensizli\u011fi alt\u0131nda ya\u015fad\u0131; bu, Covid-19 pandemisinin patlak vermesinden \u00f6nceki verilerle kar\u015f\u0131la\u015ft\u0131r\u0131ld\u0131\u011f\u0131nda, 350 milyonluk art\u0131\u015f anlam\u0131na geliyor. (BM Raporu, Temmuz 2022) Tahminlere g\u00f6re 2022\u2019de \u201cen az 276 milyon insan akut g\u0131da g\u00fcvensizli\u011fi ile kar\u015f\u0131 kar\u015f\u0131ya, (\u2026) 43 \u00fclkeden 40 milyon insan k\u0131tl\u0131\u011f\u0131n k\u0131y\u0131s\u0131nda. (\u2026) Benzeri g\u00f6r\u00fclmemi\u015f bir krizin i\u00e7indeyiz.\u201d (BM Raporu, <em>New York Times<\/em>\u2019dan al\u0131nt\u0131layan <em>Clar\u00edn<\/em>, 21 May\u0131s 2022)<\/p>\n\n\n\n<p>Buna, sava\u015flardan ve a\u00e7l\u0131ktan dolay\u0131 ya\u015fanan g\u00f6\u00e7men krizini de eklemeliyiz. Ukrayna\u2019y\u0131 7 milyon insan terk etti. Birle\u015fmi\u015f Milletler M\u00fclteciler Y\u00fcksek Komiserli\u011fi\u2019ne g\u00f6re (UNHCR) 2021\u2019de Afrika\u2019dan gelen \u00fc\u00e7 binden fazla g\u00f6\u00e7men deniz yoluyla Avrupa\u2019ya ula\u015fmaya \u00e7al\u0131\u015f\u0131rken hayat\u0131n\u0131 kaybetti. \u0130spanyol Devleti\u2019nin polis vah\u015feti, Fas\u2019ta, Melilla\u2019da en az 37 gen\u00e7 g\u00f6\u00e7menin \u00f6l\u00fcm\u00fcne neden oldu. May\u0131s ay\u0131nda ABD-Meksika s\u0131n\u0131r\u0131nda 239.000\u2019den fazla g\u00f6\u00e7men g\u00f6zalt\u0131na al\u0131nd\u0131, ki bu rekor bir say\u0131.<\/p>\n\n\n\n<p>Kapitalist ekonomik krizin kendi i\u00e7inde bir \u00e7\u00f6z\u00fcm\u00fc yok; bu kriz kronik ve etkileri de giderek k\u00f6t\u00fcle\u015fecek. Emperyalizm ve kapitalist h\u00fck\u00fcmetler krizden \u00e7\u0131kmak i\u00e7in yeni a\u015f\u0131r\u0131 s\u00f6m\u00fcr\u00fc planlar\u0131n\u0131 dayatmaya \u00e7al\u0131\u015f\u0131yor, bu da s\u0131n\u0131f m\u00fccadelesinin \u015fiddetlenmesini beraberinde getiriyor.<\/p>\n\n\n\n<h4 class=\"wp-block-heading\"><strong>3) D\u00fcnyada yeni bir m\u00fccadele dalgas\u0131<\/strong><\/h4>\n\n\n\n<p>\u0130\u015f\u00e7i s\u0131n\u0131f\u0131 ve ezilen sekt\u00f6rler bu kapitalist sald\u0131r\u0131ya, mesela Sri Lanka ve Ekvador\u2019da oldu\u011fu \u00fczere, i\u015f\u00e7i grevleri ve halk ayaklanmalar\u0131yla cevap veriyor.<\/p>\n\n\n\n<p>Bu yeni bir k\u00fcresel m\u00fccadele dalgas\u0131d\u0131r. 2019\u2019da m\u00fccadelelerde, pik noktas\u0131 \u015eili\u2019deki Pi\u00f1era kar\u015f\u0131t\u0131 devrimci seferberlikler olacak \u015fekilde, b\u00fcy\u00fck bir y\u00fckseli\u015f ya\u015fand\u0131. \u015eili\u2019deki devrimci seferberli\u011fin \u00f6ncesinde Ekvador\u2019daki m\u00fccadeleler, Fransa\u2019daki \u201csar\u0131 yelekliler\u201d seferberli\u011fi, Birle\u015fik Devletler\u2019deki uzun General Motors grevi, L\u00fcbnan halk ayaklanmas\u0131 ve 8 Mart\u2019taki d\u00fcnya greviyle beraber kad\u0131n hareketine ba\u011fl\u0131 ye\u015fil dalgan\u0131n m\u00fccadeleleri ya\u015fanm\u0131\u015ft\u0131. Bug\u00fcnk\u00fc dalgan\u0131n yeni olan taraf\u0131 ise, ona, iklim adaleti i\u00e7in seferber olan gen\u00e7li\u011fin m\u00fccadelesinin eklenmi\u015f olmas\u0131d\u0131r.&nbsp; 2020 senesinde, Covid-19 pandemisi, protestolar\u0131 yava\u015flatan bir bekleme d\u00f6nemini beraberinde getirmi\u015fti ancak bu ara d\u00f6nem, George Floyd\u2019un katledilmesiyle beraber Birle\u015fik Devletler\u2019de Trump\u2019a kar\u015f\u0131 patlak veren \u0131rk\u00e7\u0131l\u0131k kar\u015f\u0131t\u0131 ayaklanmayla sona erdi. 2019\u2019daki m\u00fccadeleler dalgas\u0131n\u0131n seviyesine ula\u015famam\u0131\u015f olsa da, ba\u015fka seferberlikler de ya\u015fand\u0131. Bunlar\u0131n aras\u0131ndan, ikisi de 2021\u2019de ger\u00e7ekle\u015fen Kolombiya ayaklanmas\u0131 ile K\u00fcba\u2019daki 11 Temmuz seferberli\u011fini kayda ge\u00e7irmek gerekir.<\/p>\n\n\n\n<p>Bu yeni dalga Haziran 2022\u2019de a\u00e7\u0131ld\u0131. Bu dalga, d\u0131\u015f bor\u00e7 \u00f6demelerinin durdurulmas\u0131n\u0131 sa\u011flayan May\u0131s ay\u0131ndaki ilk Sri Lanka ayaklanmas\u0131 taraf\u0131ndan \u00f6ng\u00f6r\u00fclm\u00fc\u015ft\u00fc. Temmuz ay\u0131nda, yine Sri Lanka\u2019da y\u00fcz binlerce insan\u0131n soka\u011f\u0131 doldurdu\u011fu ve ba\u015fkanl\u0131k saray\u0131n\u0131 ele ge\u00e7irdi\u011fi bir halk ayaklanmas\u0131 neticesinde ba\u015fkan \u00fclkeden ka\u00e7t\u0131 ve istifa etti.<\/p>\n\n\n\n<p>Ekvador\u2019da yak\u0131t fiyatlar\u0131ndaki art\u0131\u015fa kar\u015f\u0131 bir yerli ayaklanmas\u0131 ya\u015fand\u0131 ve bu ayaklanma, fiyatlarda indirimi sa\u011flayarak k\u0131smi bir zafer kazand\u0131. Latin Amerika k\u0131tas\u0131nda ise Panama\u2019daki grev ve y\u00fcr\u00fcy\u00fc\u015fler, \u015eili\u2019deki bak\u0131r madencilerinin grevi, Brezilya\u2019da \u00fccretler i\u00e7in yap\u0131lan grevler ve Arjantin\u2019in i\u00e7 b\u00f6lgelerindeki \u00f6\u011fretmen seferberlikleri bu dalgaya eklendi.<\/p>\n\n\n\n<p>Avrupa\u2019da ise enerji fiyatlar\u0131, on y\u0131llard\u0131r e\u015fi g\u00f6r\u00fclmemi\u015f bir \u015fekilde, do\u011falgaz deste\u011finde yap\u0131lacak olan kesintilerin duyurulmas\u0131yla birlikte y\u00fckseldi. Bu da beraberinde \u00fccret art\u0131\u015flar\u0131 talep eden bir grev dalgas\u0131n\u0131 tetikledi.<\/p>\n\n\n\n<p>Bel\u00e7ika\u2019da bir genel grev ya\u015fand\u0131. Demiryolu i\u015f\u00e7ilerinin bir g\u00fcn\u00fc a\u015fan i\u015f durdurmalar\u0131 Birle\u015fik Krall\u0131k\u2019ta neredeyse bir genel greve do\u011fru evriliyordu. Norve\u00e7 ile Fransa\u2019da petrol tankerlerinde (Total) ger\u00e7ekle\u015fen grevler, \u00e7e\u015fitli \u00fclkelerdeki havac\u0131l\u0131k i\u015f\u00e7ilerinin grevleri ve devlet, sa\u011fl\u0131k ve e\u011fitim \u00e7al\u0131\u015fanlar\u0131n\u0131n grevleri yine bu dalga kapsam\u0131nda ya\u015fand\u0131.<\/p>\n\n\n\n<p>Ayn\u0131 zamanda \u0130ran\u2019da da, \u00f6\u011fretmenlerin devasa m\u00fccadelesinin ba\u015f\u0131 \u00e7ekti\u011fi grevler ya\u015fand\u0131. Libya\u2019da mevcut iki h\u00fck\u00fcmeti kasvetli toplumsal durumdan sorumlu tutan g\u00f6stericiler, Trablus\u2019taki parlamento binas\u0131n\u0131 ate\u015fe verdi. \u00d6zbekistan\u2019da, ba\u015far\u0131s\u0131zl\u0131k ile sonu\u00e7lanan bir anayasal reform denemesine kar\u015f\u0131 kitlesel protestolar ya\u015fand\u0131.<\/p>\n\n\n\n<p>Anla\u015f\u0131lan o ki, d\u00fcnyada yeni toplumsal meydan okumalara ve daha derin bir kutupla\u015fmaya do\u011fru ilerliyoruz.<\/p>\n\n\n\n<h4 class=\"wp-block-heading\"><strong>4) Emperyalizmin siyasal krizi ve \u201cd\u00fcnya d\u00fczensizli\u011fi\u201d yo\u011funla\u015f\u0131yor<\/strong><\/h4>\n\n\n\n<p>Burjuvazi i\u00e7i ve emperyalistler aras\u0131 \u00e7at\u0131\u015fman\u0131n yeni bir boyuta s\u0131\u00e7ramas\u0131nda ifadesini bulan kapitalist emperyalist sistemin siyasal krizinin derinli\u011fi, kendisini Putin\u2019in Ukrayna\u2019da ba\u015flatt\u0131\u011f\u0131 sava\u015fla g\u00f6steriyor. \u00d6rne\u011fin, bu emperyalistler, i\u015fgali durdurmas\u0131 i\u00e7in Rusya\u2019yla, m\u00fczakere edilmi\u015f bir anla\u015fmaya varam\u0131yorlar ve ge\u00e7en be\u015f ay\u0131n ard\u0131ndan, i\u015fgale bir son da veremiyorlar.<\/p>\n\n\n\n<p>Rusya gibi Brezilya b\u00fcy\u00fckl\u00fc\u011f\u00fcnde bir ekonomiye sahip k\u00fc\u00e7\u00fck bir emperyalizm, Afganistan\u2019daki ba\u015far\u0131s\u0131zl\u0131k ve yenilgiden sonra darbe alan ABD\u2019nin siyasi-asker\u00ee zay\u0131fl\u0131\u011f\u0131n\u0131 bildi\u011fi i\u00e7in Ukrayna\u2019ya do\u011fru ilerlemeye cesaret edebiliyor.<\/p>\n\n\n\n<p>Bu, ABD emperyalizminin (o her ne kadar ekonomik ve askeri g\u00fcc\u00fc sayesinde dominant g\u00fc\u00e7 olmay\u0131 s\u00fcrd\u00fcr\u00fcyor olsa da), kapitalizmin k\u00fcresel krizi taraf\u0131ndan geriledi\u011fini do\u011frulamaktad\u0131r. D\u00fcnyan\u0131n jandarmas\u0131 olarak Birle\u015fik Devletler, d\u00fcnyay\u0131 \u201cd\u00fczene sokmak\u201d u\u011fruna on y\u0131llar\u0131n\u0131 harcad\u0131. Ancak Bush\u2019un Irak\u2019\u0131 ba\u015far\u0131s\u0131z i\u015fgalinin (2003) ve onu takip eden Obama y\u00f6netimi alt\u0131nda ya\u015fanan 2007 krizinin giderek k\u00f6t\u00fcle\u015fmesinin ard\u0131ndan, ortaya \u00e7\u0131kan sonu\u00e7 \u201cd\u00fcnya d\u00fczensizli\u011fi\u201d oldu. Sava\u015f\u0131n s\u00fcrmesi, ekonomik krizin derinle\u015fmesi ve yeni m\u00fccadele dalgas\u0131 bunu do\u011frulamakta.<\/p>\n\n\n\n<p>Putin\u2019in k\u00fcstah eylemleri, niyetlendi\u011finin, yani NATO\u2019nun ve Birle\u015fik Devletler-Avrupa Birli\u011fi birli\u011finin zay\u0131flat\u0131lmas\u0131n\u0131n tam tersine yol a\u00e7t\u0131. Haziran\u2019da Madrid\u2019de yap\u0131lan NATO zirvesi, yeni \u00fcyelerin (Finlandiya ve \u0130sve\u00e7) al\u0131m\u0131 olas\u0131l\u0131\u011f\u0131yla NATO\u2019nun g\u00fc\u00e7lendi\u011fini g\u00f6sterdi. Avrupa\u2019da, \u00f6zellikle de Almanya\u2019da emperyalist silahlanma yar\u0131\u015f\u0131 b\u00fcy\u00fcyor. NATO ve onun geni\u015flemesiyle beraber Bat\u0131 emperyalizmi, Ukrayna\u2019daki sava\u015f\u0131, Do\u011fu Avrupa\u2019n\u0131n yar\u0131 s\u00f6m\u00fcrgele\u015ftirilmesini g\u00fc\u00e7lendirmek ve&nbsp; gelecekteki isyanlar ile devrimlere kar\u015f\u0131 hareket edecek olan \u00f6nleyici bir bask\u0131c\u0131 ayg\u0131t\u0131 sa\u011flamla\u015ft\u0131rmak i\u00e7in kullan\u0131yor. Ancak NATO\u2019nun bu g\u00fc\u00e7lenmesi g\u00f6recelidir; \u00e7\u00fcnk\u00fc Afganistan\u2019daki gibi siyasi-asker\u00ee yenilgiler, kendisi \u00fczerinde bir y\u00fck olu\u015fturmaya devam etmektedir. Tam da bu y\u00fczden Birle\u015fik Devletler ve Avrupa Birli\u011fi, Ukrayna\u2019ya herhangi bir do\u011frudan askeri m\u00fcdahale olas\u0131l\u0131\u011f\u0131n\u0131 engellemeye ve sava\u015f\u0131n kendi s\u0131n\u0131rlar\u0131n\u0131 terk etmesini sa\u011flamaya \u00e7al\u0131\u015f\u0131yor. Onlar\u0131n nihai hedefi, Ukrayna halk\u0131n\u0131n pahas\u0131na, Putin\u2019le bar\u0131\u015f m\u00fczakerelerini daha iyi ko\u015fullarda yapmaya \u00e7abalamak.<\/p>\n\n\n\n<p>\u00d6te yandan, Putin\u2019in i\u015fgalini k\u0131namayan ancak hem ekonomik hem de siyasi olarak k\u00fcresel krizden de muaf olmayan bir konumda bulunan \u00c7in mevcut. \u00c7in ekonomisi art\u0131k iki haneli say\u0131larla b\u00fcy\u00fcm\u00fcyor, yabanc\u0131 yat\u0131r\u0131mlar d\u00fc\u015f\u00fcyor, tasarruf sahiplerinin protestolar\u0131 b\u00fcy\u00fcyor ve d\u00fcnya t\u00fcketimindeki d\u00fc\u015f\u00fc\u015f onu da etkileyecek. Bunun anlam\u0131 \u015fu ki, burjuvazi i\u00e7i s\u00fcrt\u00fc\u015fmeler artacak, \u00f6zellikle de Birle\u015fik Devletler\u2019le olan s\u00fcrt\u00fc\u015fme. Buna paralel olarak, \u00c7in Kom\u00fcnist Partisi diktat\u00f6rl\u00fc\u011f\u00fc, Tayvan\u2019\u0131, \u00fclke i\u00e7inde bir \u201cmilliyet\u00e7i halk\u00e7\u0131\u201d ajitasyon kullanarak ve onu, ABD ile m\u00fczakerelerde bir \u015fantaj silah\u0131 olarak masaya s\u00fcrerek, geri alma hedefini g\u00fcd\u00fcyor; bu, ba\u015fka bir gizli kriz fakt\u00f6r\u00fcn\u00fc temsil ediyor ve yeni s\u00fcrt\u00fc\u015fmeler \u00f6ng\u00f6r\u00fcyor.<\/p>\n\n\n\n<p>Bu s\u0131rada \u00e7evresel y\u0131k\u0131m s\u00fcrmekte. Enerji krizi dolay\u0131s\u0131yla k\u00f6m\u00fcr kullan\u0131m\u0131 yeniden canland\u0131. \u00d6rne\u011fin Almanya ve Avusturya, yaln\u0131zca son \u00e7are olarak mevcut olan rezerv k\u00f6m\u00fcr santrallerinden \u015fu anda yararlanabileceklerine karar verdiler. Bu, Almanya\u2019da k\u00f6m\u00fcr \u00fcretimini geni\u015fletecek ve bu s\u00fcre\u00e7te de karbondioksit \u00fcretimini art\u0131racak olan bir kriter de\u011fi\u015fikli\u011fidir.<\/p>\n\n\n\n<p>Kapitalist emperyalist sistemin krizi, h\u00fck\u00fcmetleri, yeni b\u00f6lgesel sava\u015flara yol a\u00e7abilecek olas\u0131 istenmeyen ve kendi kontrolleri d\u0131\u015f\u0131ndaki durumlar ile kar\u015f\u0131 kar\u015f\u0131ya b\u0131rak\u0131yor. Ukrayna\u2019daki mevcut sava\u015f\u0131n uzamas\u0131 ihtimali de d\u0131\u015flanamaz. N\u00fckleer silahlar\u0131n kullan\u0131m\u0131 da dahil olmak \u00fczere, \u00fc\u00e7\u00fcnc\u00fc d\u00fcnya sava\u015f\u0131 riski s\u00fcrecek. Bunlar, d\u00fcnyan\u0131n s\u00f6m\u00fcr\u00fclenlerini etkileyen ve etkileyecek olan sava\u015flard\u0131r. Yine bunlar, emperyalizmin ve kapitalizmin derinle\u015fen \u00e7\u00f6k\u00fc\u015f\u00fcn\u00fcn ortaya koydu\u011fu tehlikelerin bir par\u00e7as\u0131d\u0131r. Bu nedenle devrimci sosyalistler olarak ba\u015fl\u0131ca ikilemin \u201csosyalizm ya da felaket\u201d olmay\u0131 s\u00fcrd\u00fcrd\u00fc\u011f\u00fcn\u00fc s\u00f6yl\u00fcyoruz. Bu stratejik m\u00fccadele ba\u011flam\u0131nda, \u0130UB-DE olarak biz, her t\u00fcrl\u00fc emperyalist silahlanmaya tamamen kar\u015f\u0131y\u0131z, NATO\u2019nun la\u011fvedilmesinden ve onun d\u00fcnyadaki \u00fcslerinin kapat\u0131lmas\u0131ndan yanay\u0131z. Bu \u00e7er\u00e7evede Putin\u2019in Ukrayna\u2019dan \u00e7\u0131kmas\u0131n\u0131, Ukrayna direni\u015fine destek verilmesini, NATO\u2019ya hay\u0131r denmesini savunuyoruz.<\/p>\n\n\n\n<h4 class=\"wp-block-heading\"><strong>5) H\u00fck\u00fcmetlerin ve kapitalist rejimlerin erozyona u\u011frama ve krizde olma e\u011filimi devam ediyor<\/strong><\/h4>\n\n\n\n<p>Kapitalist sistemin e\u015fi benzeri g\u00f6r\u00fclmemi\u015f krizi ve emek\u00e7iler ile halka kar\u015f\u0131 ger\u00e7ekle\u015ftirilen sald\u0131r\u0131lar\u0131n yo\u011funla\u015fmas\u0131, halklar\u0131n memnuniyetsizli\u011fini ve seferberliklerini g\u00fc\u00e7lendiriyor. B\u00fct\u00fcn bunlar, kapitalist h\u00fck\u00fcmetlerin y\u0131pranmas\u0131n\u0131, par\u00e7alanmas\u0131n\u0131 ve krizini, ayn\u0131 zamanda patronlar\u0131n liderlerinin ve partilerinin de itibars\u0131zla\u015fmay\u0131 s\u00fcrd\u00fcrmesini k\u00f6r\u00fckl\u00fcyor.<\/p>\n\n\n\n<p>Bu e\u011filim mevcut k\u00fcresel durum alt\u0131nda da s\u00fcrmekte. Bunun \u00f6rnekleri bol. Daha \u00f6nce de bahsetti\u011fimiz \u00fczere, Sri Lanka, bir h\u00fck\u00fcmetin bir halk ayaklanmas\u0131 taraf\u0131ndan devrilmesinin en y\u00fcksek ifadesi olmay\u0131 s\u00fcrd\u00fcr\u00fcyor. Boris Johnson\u2019\u0131n istifas\u0131 yaln\u0131zca cinsel taciz skandal\u0131 nedeniyle de\u011fil, ayn\u0131 zamanda Birle\u015fik Krall\u0131k\u2019ta 1980\u2019lerden bu yana ya\u015fanan en g\u00fc\u00e7l\u00fc ekonomik ve sosyal krizlerden biri sonucunda ya\u015fand\u0131: y\u00fckselen enflasyon, toplu ta\u015f\u0131ma, e\u011fitim ve sa\u011fl\u0131k i\u015f\u00e7ileri ile yarg\u0131 sistemi \u00e7al\u0131\u015fanlar\u0131n\u0131n ger\u00e7ekle\u015ftirdi\u011fi son 30 y\u0131l\u0131n en b\u00fcy\u00fck grevi, g\u00f6steriler ve sefalet \u00fccretleri ile emek haklar\u0131na sald\u0131r\u0131lar\u0131 reddeden di\u011fer eylemler.<\/p>\n\n\n\n<p>Bu durumdan nasibini alan bir di\u011fer emperyalist h\u00fck\u00fcmet ise Fransa\u2019daki Emmanuel Macron h\u00fck\u00fcmetidir. Haziran ay\u0131nda yap\u0131lan genel se\u00e7imlerin ikinci turunda a\u011f\u0131r bir yenilgi ald\u0131. Macron\u2019un ittifak\u0131, Ulusal Meclis\u2019te elinde tuttu\u011fu salt \u00e7o\u011funlu\u011fu koruyamad\u0131. Onun iktidar\u0131n\u0131n a\u015f\u0131nmas\u0131, \u201csar\u0131 yeleklilerin\u201d seferberliklerinin ve demiryollar\u0131n\u0131n ve i\u015f\u00e7i s\u0131n\u0131f\u0131n\u0131n di\u011fer sekt\u00f6rlerinin tekrarlayan grevlerinin bir neticesidir. \u0130talya\u2019da Mario Draghi b\u00fcy\u00fck beklentilerle g\u00f6reve geldi\u011fi ancak \u015fimdi toplumsal kriz taraf\u0131ndan sorgulanan h\u00fck\u00fcmetten istifa etti. \u0130spanya Devleti\u2019nde, KP (Kom\u00fcnist Parti) bakanlar\u0131na sahip tek NATO h\u00fck\u00fcmeti olan PSOE-IU\/Podemos h\u00fck\u00fcmeti, uygulad\u0131\u011f\u0131 i\u015f\u00e7i kar\u015f\u0131t\u0131, bask\u0131c\u0131 ve monar\u015fik politikayla, kendi i\u00e7 gerilimlerinin nas\u0131l artt\u0131\u011f\u0131na tan\u0131kl\u0131k ediyor. Amerika Birle\u015fik Devletleri\u2019nde, Biden\u2019\u0131n oy oranlar\u0131, beklenmedik enflasyonun etkileri nedeniyle kamuoyu yoklamalar\u0131nda d\u00fc\u015fmeyi s\u00fcrd\u00fcr\u00fcyor. Bu y\u0131pranma dalgas\u0131 hem a\u015f\u0131r\u0131 sa\u011f, hem de merkez sol h\u00fck\u00fcmetleri etkiliyor. Brezilya\u2019da, gelecek se\u00e7imleri kaybedecek olan sa\u011fc\u0131 Bolsonaro\u2019nun halk taraf\u0131ndan reddi g\u00fc\u00e7leniyor. Peru\u2019da Pedro Castillo\u2019nun yeni merkez sol h\u00fck\u00fcmeti krizden krize hayatta kal\u0131yor ve \u00e7oktan kendisine oy veren insanlarda artakalm\u0131\u015f olan beklentileri yok etti bile. Arjantin\u2019de Alberto Fernandez\u2019in h\u00fck\u00fcmeti, halk\u0131n kendisine s\u0131rt \u00e7evirmesinden muzdarip \u00e7\u00fcnk\u00fc bu h\u00fck\u00fcmet, IMF ile \u00fczerinde anla\u015ft\u0131\u011f\u0131 bir kemer s\u0131kma paketini uygulamaya ba\u015flad\u0131. Latin Amerika\u2019da, liberal sa\u011f h\u00fck\u00fcmetlerin y\u0131pranmas\u0131 ve halk isyanlar\u0131, \u015eili (Boric) ve Kolombiya\u2019da (Petro) reformist sol ittifaklar i\u00e7in e\u015fi g\u00f6r\u00fclmemi\u015f se\u00e7im zaferlerine yol a\u00e7t\u0131. Ancak, mevcut ekonomik krizin bata\u011f\u0131na saplanm\u0131\u015f ve kapitalizmden kopu\u015fu \u00f6ng\u00f6ren \u00f6nemli d\u00f6n\u00fc\u015f\u00fcmleri \u00f6nermeyen bu yeni reformist e\u011filim, h\u0131zl\u0131 bir y\u0131pranmaya ve halk taban\u0131nda kriz ya\u015famaya mahk\u00fbm olacakt\u0131r.<\/p>\n\n\n\n<p>Geleneksel politikac\u0131lar\u0131n ve patronlar\u0131n partilerinin reddedilmesi, \u0130spanya\u2019da Vox, Arjantin\u2019de Javier Milei, Fransa\u2019da Le Pen, Portekiz\u2019de Chega, daha \u00f6nce de Brezilya\u2019da Bolsonaro veya Amerika Birle\u015fik Devletleri\u2019nde Trump\u2019ta oldu\u011fu gibi neofa\u015fist a\u015f\u0131r\u0131 sa\u011fa y\u00f6nelik se\u00e7imsel ifadeleri olan bir kutupla\u015fmaya da yol a\u00e7t\u0131. A\u015f\u0131r\u0131 sa\u011f\u0131n bu farkl\u0131 ifadeleri ilerlemeler ve gerilemeler ya\u015fasa ve baz\u0131lar\u0131 hen\u00fcz ba\u015flang\u0131\u00e7 \u200b\u200ba\u015famas\u0131nda olsa da, bunlar h\u00e2l\u00e2 i\u015f\u00e7iler i\u00e7in bir uyar\u0131 i\u015fareti olma \u00f6zelliklerini korumaktad\u0131r. Daha kapsaml\u0131 bir toplumsal kutupla\u015fma ve kitlelerin seferberliklerinin b\u00fcy\u00fcmesiyle kar\u015f\u0131 kar\u015f\u0131ya kal\u0131nmas\u0131 sonucunda, kendi gerici planlar\u0131n\u0131 daha sert bask\u0131 politikalar\u0131yla dayatmaya c\u00fcret eden burjuva sekt\u00f6rler tehlikeli bir bi\u00e7imde ortaya \u00e7\u0131k\u0131yor. Devrimci sosyalistler olarak bu a\u015f\u0131r\u0131 gerici olu\u015fumlar\u0131n diriltilmesine y\u00f6nelik b\u00fct\u00fcn denemelere kar\u015f\u0131 s\u00fcrekli olarak m\u00fccadele etmeli ve bu \u00e7abalar\u0131 reddetmeliyiz.<\/p>\n\n\n\n<p>Mevcut e\u011filim, burjuva h\u00fck\u00fcmetlerin ve rejimlerin krizlerinin yeni ifadelerinin ortaya \u00e7\u0131kmas\u0131na ve onlar\u0131n seferberliklerle y\u0131k\u0131lmas\u0131na yol a\u00e7makta. Devrimci \u00f6nderlik krizi sorunu, i\u015f\u00e7i s\u0131n\u0131f\u0131n\u0131n ve d\u00fcnya halklar\u0131n\u0131n en zay\u0131f halkas\u0131 olmay\u0131 s\u00fcrd\u00fcr\u00fcyor. \u0130UB-DE olarak eski aparatlara kar\u015f\u0131 yeni \u00f6nderliklerin in\u015fas\u0131 i\u00e7in m\u00fccadele vererek seferberlik s\u00fcre\u00e7lerine kat\u0131lmaya; eylem birli\u011fi ve s\u0131n\u0131f ba\u011f\u0131ms\u0131zl\u0131\u011f\u0131 program\u0131 temelinde devrimcilerin birli\u011fi taktikleriyle devrimci sosyalist partilerin in\u015fa edilmesine y\u00f6nelik \u00e7a\u011fr\u0131da bulunuyoruz.<\/p>\n\n\n\n<h4 class=\"wp-block-heading\"><strong>6) Kapitalist krizin faturas\u0131n\u0131 i\u015f\u00e7iler \u00f6demesin<\/strong><\/h4>\n\n\n\n<p>Emperyalist kapitalizmin ekonomik krizi gezegenin b\u00fct\u00fcn k\u00f6\u015felerini vuruyor. Bu kriz i\u015f\u00e7i s\u0131n\u0131f\u0131ndan ve s\u00f6m\u00fcr\u00fclenlerden milyonlarca insan\u0131 sistematik olarak d\u00fc\u015f\u00fck \u00fccretlere, i\u015fsizli\u011fe, yal\u0131t\u0131lm\u0131\u015fl\u0131\u011fa ve g\u00f6\u00e7e s\u00fcr\u00fckl\u00fcyor.<\/p>\n\n\n\n<p>Emperyalizm ile \u00e7okuluslu \u015firketleri, IMF ve kapitalist h\u00fck\u00fcmetler kendilerinin sebep oldu\u011fu bu krizin y\u00fck\u00fcn\u00fc s\u00f6m\u00fcr\u00fclen kitlelerin omuzlar\u0131na y\u00fcklemek istiyor. Sri Lanka ile Ekvador\u2019daki ayaklanmalar, Avrupa i\u015f\u00e7i s\u0131n\u0131f\u0131n\u0131n grevleri ve di\u011ferleriyle beraber Latin Amerika\u2019daki kitlesel grevler ile protestolar, bizlere, kapitalist sald\u0131r\u0131y\u0131 yenilgiye u\u011fratman\u0131n yolunu g\u00f6steriyor.<\/p>\n\n\n\n<p>\u0130UB-DE olarak biz, d\u00fcnya halklar\u0131n\u0131n bu ayaklanmalar\u0131n\u0131 ve m\u00fccadelelerini destekliyor ve bu ayaklanmalar ile m\u00fccadeleleri y\u00fckseltme \u00e7a\u011fr\u0131s\u0131 yap\u0131yoruz. Sosyalizmin yolunu a\u00e7acak \u015fekilde emperyalist kapitalist sistemin sonunu getirelim diyoruz. \u201ckrizin bedelini i\u015f\u00e7iler \u00f6demesin, kapitalistler \u00f6desin\u201d slogan\u0131yla kitleleri seferber edecek olan ve en geni\u015f antikapitalist eylem birli\u011fine dayanan bir uluslararas\u0131 hareketin olu\u015fturulmas\u0131 i\u00e7in bir program \u00f6neriyoruz. Di\u011fer sloganlar\u0131n yan\u0131 s\u0131ra; d\u0131\u015f bor\u00e7lar\u0131n \u00f6denmemesi, kamu hizmetlerine zam yap\u0131lmamas\u0131, ayl\u0131k enflasyona endeksli bir bi\u00e7imde \u00fccretlerde art\u0131\u015f, enerji \u015firketlerinin i\u015f\u00e7i kontrol\u00fcnde kamula\u015ft\u0131r\u0131lmas\u0131, b\u00fcy\u00fck \u015firketler ve bankalara y\u00fcksek vergiler getirilmesi ve i\u015f\u00e7ilerin ve halk\u0131n acil ekonomik plan\u0131n\u0131n haz\u0131rlanmas\u0131 gibi sloganlar\u0131 i\u00e7eren bir program \u00f6neriyoruz.<\/p>\n\n\n\n<p class=\"has-text-align-right\">\u0130UB-DE Uluslararas\u0131 Sekreterli\u011fi, 19 Temmuz 2022<\/p>\n","protected":false},"excerpt":{"rendered":"<p>D\u00fcnya durumu \u00fczerine deklarasyon Ukrayna i\u015fgali kapitalizmin krizini derinle\u015ftiriyor 1) Putin\u2019in Ukrayna\u2019y\u0131 i\u015fgali kapitalist emperyalist sistemin krizinde ve \u00e7\u00f6k\u00fc\u015f\u00fcnde bir s\u0131\u00e7rama yarat\u0131yor Be\u015f ayd\u0131r s\u00fcrmekte olan Ukrayna\u2019daki sava\u015f, kapitalizmin k\u00fcresel krizinin vahametinin alt\u0131n\u0131 \u00e7iziyor. Gezegenin her k\u00f6\u015fesinde enflasyon, k\u00fcresel resesyon riski, enerji ve g\u0131da fiyatlar\u0131nda art\u0131\u015f, toplumsal e\u015fitsizli\u011fin derinle\u015fmesi, silahlanmaya daha fazla harcama, k\u00fcresel \u0131s\u0131nman\u0131n [&hellip;]<\/p>\n","protected":false},"author":18,"featured_media":2687,"comment_status":"open","ping_status":"open","sticky":false,"template":"","format":"standard","meta":{"_exactmetrics_skip_tracking":false,"_exactmetrics_sitenote_active":false,"_exactmetrics_sitenote_note":"","_exactmetrics_sitenote_category":0,"footnotes":""},"categories":[633,1026],"tags":[975,651,153,76],"class_list":["post-2685","post","type-post","status-publish","format-standard","has-post-thumbnail","hentry","category-dokumanlar","category-ukrayna","tag-ekonomik-kriz","tag-iub-de","tag-rusya","tag-ukrayna"],"_links":{"self":[{"href":"https:\/\/trockist.net\/index.php\/wp-json\/wp\/v2\/posts\/2685","targetHints":{"allow":["GET"]}}],"collection":[{"href":"https:\/\/trockist.net\/index.php\/wp-json\/wp\/v2\/posts"}],"about":[{"href":"https:\/\/trockist.net\/index.php\/wp-json\/wp\/v2\/types\/post"}],"author":[{"embeddable":true,"href":"https:\/\/trockist.net\/index.php\/wp-json\/wp\/v2\/users\/18"}],"replies":[{"embeddable":true,"href":"https:\/\/trockist.net\/index.php\/wp-json\/wp\/v2\/comments?post=2685"}],"version-history":[{"count":2,"href":"https:\/\/trockist.net\/index.php\/wp-json\/wp\/v2\/posts\/2685\/revisions"}],"predecessor-version":[{"id":2688,"href":"https:\/\/trockist.net\/index.php\/wp-json\/wp\/v2\/posts\/2685\/revisions\/2688"}],"wp:featuredmedia":[{"embeddable":true,"href":"https:\/\/trockist.net\/index.php\/wp-json\/wp\/v2\/media\/2687"}],"wp:attachment":[{"href":"https:\/\/trockist.net\/index.php\/wp-json\/wp\/v2\/media?parent=2685"}],"wp:term":[{"taxonomy":"category","embeddable":true,"href":"https:\/\/trockist.net\/index.php\/wp-json\/wp\/v2\/categories?post=2685"},{"taxonomy":"post_tag","embeddable":true,"href":"https:\/\/trockist.net\/index.php\/wp-json\/wp\/v2\/tags?post=2685"}],"curies":[{"name":"wp","href":"https:\/\/api.w.org\/{rel}","templated":true}]}}