{"id":1988,"date":"2020-08-28T12:47:55","date_gmt":"2020-08-28T09:47:55","guid":{"rendered":"http:\/\/trockist.net\/?p=1988"},"modified":"2020-08-28T12:47:57","modified_gmt":"2020-08-28T09:47:57","slug":"dunya-ekonomisinde-buyuk-tahribat","status":"publish","type":"post","link":"https:\/\/trockist.net\/index.php\/2020\/08\/28\/dunya-ekonomisinde-buyuk-tahribat\/","title":{"rendered":"D\u00fcnya ekonomisinde b\u00fcy\u00fck tahribat"},"content":{"rendered":"\n<p>Covid-19 salg\u0131n\u0131 \u015eubat sonuna do\u011fru pandemi halini ald\u0131. A\u011fustos ortas\u0131 itibar\u0131yla salg\u0131n\u0131n d\u00fcnya \u00f6l\u00e7e\u011finde h\u0131zlanarak yay\u0131ld\u0131\u011f\u0131 g\u00f6r\u00fcl\u00fcyor. Bir\u00e7ok \u00fclkenin, sa\u011fl\u0131k sistemlerini \u00f6nceki on y\u0131llarda neoliberal politikalarla \u00f6zelle\u015ftirerek kamusal sa\u011fl\u0131k altyap\u0131lar\u0131n\u0131 \u00f6zel sermaye lehine tahrip etmi\u015f olmalar\u0131n\u0131n sonu\u00e7lar\u0131 bu s\u00fcre\u00e7te ortaya \u00e7\u0131karken, daha \u00f6nce kamu politikalar\u0131nda \u00f6ncelikli bir konumu olmayan cerrahi maskeler ve vantilat\u00f6rler gibi t\u0131bbi gere\u00e7lerin uygun maliyetlerle tedarik edilmeleri \u00e7ok \u00f6nemli bir stratejik mesele haline geldi. Dahas\u0131, t\u00fcm ekonomide var olan krizle birlikte salg\u0131n\u0131n yarataca\u011f\u0131 ekonomik maliyeti \u00fcstlenmek istemeyen devletler yaz \u00f6ncesi ald\u0131klar\u0131 t\u00fcm \u00f6nlemleri bir bir kald\u0131rd\u0131lar. T\u00fcrkiye de ayn\u0131 yolu izledi. \u00d6nlemlerin kald\u0131r\u0131lmas\u0131yla Haziran\u2019da ekonomideki t\u00fcm tablolarda bir toparlanma ya\u015fan\u0131rken Temmuz\u2019da bu toparlanman\u0131n h\u0131z kaybetti\u011fi g\u00f6r\u00fcl\u00fcyor. D\u00fcnya \u00f6l\u00e7e\u011finde bakarsak 2. \u00e7eyrek (nisan-may\u0131s-haziran) d\u00f6neminde b\u00fcy\u00fck ekonomik k\u00fc\u00e7\u00fclmeler g\u00f6ze \u00e7arp\u0131yor. Pandemiyle birlikte hi\u00e7bir \u015feyin art\u0131k eskisi gibi olmayaca\u011f\u0131n\u0131 s\u00f6yleyenlerin sesleri de \u00e7ok \u00e7abuk kesildi. Hayat pahal\u0131l\u0131\u011f\u0131 ve i\u015fsizlik son s\u00fcrat devam ediyor. G\u00fcz d\u00f6neminde olas\u0131 ikinci dalgay\u0131 kald\u0131rabilecek bir ekonomik s\u00fcreklili\u011fine d\u00fcnya \u00e7ap\u0131nda bile sahip de\u011filiz.<\/p>\n\n\n\n<p>ABD ekonomisi, y\u0131l\u0131n ilk \u00e7eyre\u011finde y\u00fczde 5, ikinci \u00e7eyre\u011finde ise ge\u00e7en y\u0131l\u0131n ayn\u0131 d\u00f6nemine g\u00f6re y\u00fczde 32,9 gibi rekor k\u00fc\u00e7\u00fclme ya\u015fad\u0131. ABD\u2019deki hane halk\u0131 t\u00fcketim d\u00fczeylerinin d\u00fc\u015fmesi enflasyonda bir d\u00fc\u015f\u00fc\u015f getirdi. Bununla birlikte FED\u2019in s\u0131n\u0131rs\u0131z para basarak ucuz ve bol paray\u0131 yeniden piyasaya s\u00fcrmesi, salg\u0131n d\u00f6neminde bu paran\u0131n borsalara akmas\u0131na, dolay\u0131s\u0131yla finansal alana kaymas\u0131na sebep oldu. Bu durum borsalar\u0131 pandemiden \u00f6nceki seviyelerine y\u00fckseltti. 2008 kriziyle ABD i\u015fsizlik ayl\u0131k bazda en fazla y\u00fczde 10\u2019a \u00e7\u0131km\u0131\u015ft\u0131. Bu y\u0131l\u0131n ba\u015f\u0131nda i\u015fsizlik y\u00fczde 3,5 seviyelerindeyken pandemi s\u00fcrecinde bir ay i\u00e7inde y\u00fczde 14\u2019e \u00e7\u0131karak tarihin en h\u0131zl\u0131 artan i\u015fsizlik oranlar\u0131yla kar\u015f\u0131la\u015f\u0131ld\u0131. Bu s\u00fcre\u00e7te ABD\u2019de 40 milyondan fazla insan\u0131n i\u015fini kaybetti\u011fi belirtiliyor.<\/p>\n\n\n\n<h4 class=\"wp-block-heading\"><strong>K\u00fc\u00e7\u00fclen ekonomiler<\/strong><\/h4>\n\n\n\n<p>Avrupa\u2019da da ekonomik k\u00fc\u00e7\u00fclmenin boyutu \u00e7ok b\u00fcy\u00fck. Hepsi bu y\u0131l\u0131n ikinci \u00e7eyre\u011fi olmak \u00fczere; \u0130spanya y\u00fczde 22, Portekiz y\u00fczde 16, Fransa y\u00fczde 19, \u0130talya y\u00fczde 17, Almanya y\u00fczde 11 k\u00fc\u00e7\u00fcld\u00fc. T\u00fcm Avrupa Birli\u011fi (AB) ise y\u00fczde 14 daralma ya\u015fad\u0131. Avro b\u00f6lgesinde enflasyon talep d\u00fc\u015f\u00fckl\u00fc\u011f\u00fc ve Avrupa Merkez Bankas\u0131\u2019n\u0131n para basmas\u0131na ra\u011fmen y\u00fczde 0,3-0,4 gibi son derece d\u00fc\u015f\u00fck seviyelerde. AB genelinde i\u015fsiz say\u0131s\u0131 ise may\u0131s ay\u0131nda y\u00fczde 6,7 olarak 14,3 milyona ula\u015ft\u0131. Salg\u0131n nedeniyle \u00e7al\u0131\u015fma saatleri k\u0131s\u0131tlanan veya \u00e7al\u0131\u015famayan ki\u015filerin maa\u015flar\u0131n\u0131n y\u00fczde 60&#8217;\u0131n\u0131 \u00f6deyen Almanya Mart ve Nisan aylar\u0131nda 10,66 milyon ki\u015finin bu yard\u0131mlardan faydalanmak i\u00e7in ba\u015fvuruda bulundu\u011fu ifade ediliyor. \u00d6zellikle Almanya\u2019daki i\u015fsizli\u011fin g\u00f6reli d\u00fc\u015f\u00fck olmas\u0131n\u0131n sebebi yap\u0131lan parasal yard\u0131mlar. Almanya \u015fu ana kadar ekonomiyi canland\u0131rmak amac\u0131yla 1 trilyon avro ay\u0131rd\u0131.&nbsp;<\/p>\n\n\n\n<p>Sekt\u00f6rel bazda ekonomilere bakarsak d\u00fcnya turizmi \u00e7\u00f6km\u00fc\u015f durumda. D\u00fcnya Turizm \u00d6rg\u00fct\u00fc 2020 y\u0131l\u0131nda d\u00fcnya genelinde turist say\u0131s\u0131n\u0131n y\u00fczde 30 k\u00fc\u00e7\u00fclece\u011fine dikkat \u00e7ekiyor ki sonbahardaki belirsizli\u011fi d\u00fc\u015f\u00fcn\u00fcrsek ger\u00e7ek say\u0131 bundan \u00e7ok daha y\u00fcksek \u00e7\u0131kacakt\u0131r. Ayn\u0131 \u00f6rg\u00fcte g\u00f6re sekt\u00f6r\u00fcn ya\u015fayaca\u011f\u0131 para kayb\u0131 1,2 trilyon dolar. T\u00fcrkiye\u2019de de benzer durum s\u00f6z konusu: 2018\u2019de \u00fclkeye gelen turist say\u0131s\u0131 38 milyon, 2019\u2019da 44 milyon olmu\u015fken, 2020\u2019de bu say\u0131 Mart\u2019ta y\u00fczde 64, May\u0131s\u2019ta ise y\u00fczde 99,3 azald\u0131. Ocak-Nisan d\u00f6neminde toplam azalma y\u00fczde 51 olarak ger\u00e7ekle\u015fti. Yaz d\u00f6nemi istatistikleri hen\u00fcz yay\u0131nlanmasa da sadece A\u011fustos ay\u0131 i\u00e7in k\u0131smi iyile\u015fme beklenebilir. Ne var ki, hizmet sekt\u00f6r\u00fc kay\u0131plar\u0131n\u0131 geri kazanamaz. Turizmde kay\u0131plar ya\u015fanmas\u0131n diye 1 Haziran\u2019da kald\u0131r\u0131lan t\u00fcm salg\u0131n \u00f6nlemlerine ra\u011fmen sadece yurt i\u00e7i turistlerle yetinildi. \u00d6zellikle d\u00f6vizin giderek daha de\u011ferli oldu\u011fu bir d\u00f6nemde yurtd\u0131\u015f\u0131 turistlerin gelmemesinin kayb\u0131 \u00e7ok b\u00fcy\u00fck. D\u00fcnya \u00f6l\u00e7e\u011finde de yaz aylar\u0131 turizm a\u00e7\u0131s\u0131ndan b\u00fcy\u00fck \u00f6l\u00e7\u00fcde kaybedilmi\u015f durumda.<\/p>\n\n\n\n<p>Grafikte i\u015fsizlik oranlar\u0131n\u0131n d\u00fcnya genelinde pandemiyle h\u0131zl\u0131 bir \u015fekilde artt\u0131\u011f\u0131 g\u00f6r\u00fclmekte. (2021 y\u0131l\u0131n\u0131n i\u015fsizlik oranlar\u0131 belirtilen tahmini rakamlard\u0131r.) Salg\u0131n bittikten sonra i\u015fsizlikte h\u0131zl\u0131 bir iyile\u015fme \u00f6ng\u00f6r\u00fclm\u00fcyor. Bug\u00fcne kadar i\u015ften atmalar\u0131n yasaklanmas\u0131 ve i\u015fsizli\u011fin \u00e7al\u0131\u015fanlar aras\u0131nda b\u00f6l\u00fc\u015ft\u00fcr\u00fclerek azalt\u0131lmas\u0131 gibi temel taleplerimizin d\u00fcnya \u00f6l\u00e7e\u011finde acil talepler haline geldi\u011fini g\u00f6rmek gerekiyor. Enternasyonal d\u00fczeyde \u00e7o\u011fu talebin ortakla\u015fabildi\u011fi bir s\u00fcre\u00e7 i\u00e7indeyiz.<\/p>\n\n\n\n<div class=\"wp-block-image\"><figure class=\"aligncenter size-large\"><img loading=\"lazy\" decoding=\"async\" width=\"1024\" height=\"612\" src=\"http:\/\/trockist.net\/wp-content\/uploads\/2020\/08\/I\u0307s\u0327sizlik-oranlari-Troc\u0327kist-1024x612.png\" alt=\"\" class=\"wp-image-1989\" srcset=\"https:\/\/trockist.net\/wp-content\/uploads\/2020\/08\/I\u0307s\u0327sizlik-oranlari-Troc\u0327kist-1024x612.png 1024w, https:\/\/trockist.net\/wp-content\/uploads\/2020\/08\/I\u0307s\u0327sizlik-oranlari-Troc\u0327kist-300x179.png 300w, https:\/\/trockist.net\/wp-content\/uploads\/2020\/08\/I\u0307s\u0327sizlik-oranlari-Troc\u0327kist-768x459.png 768w, https:\/\/trockist.net\/wp-content\/uploads\/2020\/08\/I\u0307s\u0327sizlik-oranlari-Troc\u0327kist-1536x918.png 1536w, https:\/\/trockist.net\/wp-content\/uploads\/2020\/08\/I\u0307s\u0327sizlik-oranlari-Troc\u0327kist.png 1780w\" sizes=\"auto, (max-width: 1024px) 100vw, 1024px\" \/><\/figure><\/div>\n\n\n\n<h4 class=\"wp-block-heading\"><strong>Yeniden ticaret sava\u015flar\u0131\u00a0<\/strong><\/h4>\n\n\n\n<p>2008 krizinden sonra d\u00fcnya ticaret hacmi \u00f6nce azald\u0131 ard\u0131ndan 2010 y\u0131l\u0131nda y\u00fczde 12,52 olarak h\u0131zl\u0131 bir y\u00fckseli\u015f sergiledi. Fakat sonra gittik\u00e7e azalmaya devam etti. 2011-2019 aras\u0131nda ticaret hacmi ortalama y\u00fczde 3,57 oran\u0131nda ger\u00e7ekle\u015fti. Bunun sebebi 2008 krizinin atlat\u0131lamamas\u0131 ve d\u00fcnya \u00fclkelerinde d\u0131\u015f borcun artmas\u0131yd\u0131. Bu durum beraberinde ABD ve \u00c7in aras\u0131ndaki ticaret sava\u015flar\u0131n\u0131n patlamas\u0131na yol a\u00e7t\u0131.<\/p>\n\n\n\n<p>ABD ve \u00c7in aras\u0131ndaki ticaret sava\u015flar\u0131 ve a\u015f\u0131r\u0131 bor\u00e7lu \u00fclkelerin ithalatlar\u0131n\u0131 azaltmalar\u0131 d\u00fcnya ticaret hacminin 2020\u2019ye kadar ki k\u00fc\u00e7\u00fclmesinin alt\u0131nda yatan nedenlerdi. Pandemiyle birlikte gelen 2020 y\u0131l\u0131 i\u00e7in d\u00fcnya ticaret hacminin y\u00fczde 11,5 k\u00fc\u00e7\u00fclme ya\u015famas\u0131 \u00f6ng\u00f6r\u00fclmektedir. Krizin t\u00fcm d\u00fcnyada hissedildi\u011fi 2009 y\u0131l\u0131nda bile bu k\u00fc\u00e7\u00fclme oran\u0131 y\u00fczde 10\u2019du.<\/p>\n\n\n\n<p>Y\u0131l\u0131n ilk \u00e7eyre\u011finde y\u00fczde 6,8 k\u00fc\u00e7\u00fclen \u00c7in ekonomisi, ikinci \u00e7eyrekte y\u0131ll\u0131k bazda y\u00fczde 3,2 b\u00fcy\u00fcd\u00fc. B\u00f6ylece \u00c7in 28 y\u0131l sonra ilk kez k\u00fc\u00e7\u00fclm\u00fc\u015f oldu. \u00c7in\u2019in veri payla\u015f\u0131m\u0131ndaki ketum tutumu nedeniyle ka\u00e7 ki\u015finin i\u015fsiz kald\u0131\u011f\u0131 bilinmese de bunun en az 30 milyon ki\u015fi oldu\u011fu tahmin ediliyor. \u0130kinci \u00e7eyrekte k\u00fc\u00e7\u00fck oranl\u0131 b\u00fcy\u00fcmeye kar\u015f\u0131n \u00c7in\u2019deki sanayi \u00fcretimi ge\u00e7en y\u0131la g\u00f6re sadece binde 9 artt\u0131, buna kar\u015f\u0131l\u0131k hizmetler sekt\u00f6r\u00fc y\u00fczde 1,6 ve ikincil sanayi kollar\u0131 y\u00fczde 1,6 k\u00fc\u00e7\u00fcld\u00fc.<\/p>\n\n\n\n<p>Salg\u0131n\u0131n \u00c7in ekonomisi \u00fczerindeki negatif etkileri, bu \u00fclkenin Ocak ay\u0131nda imzalanan Birinci Faz Ticaret Anla\u015fmas\u0131\u2019nda verdi\u011fi al\u0131m taahh\u00fctlerini yerine getirmesini zorla\u015ft\u0131rmaktad\u0131r. Zira \u00c7in\u2019de ekonomik b\u00fcy\u00fcmenin yava\u015flamas\u0131 ithalat gereksiniminin de azalmas\u0131na neden olacakt\u0131r. Bu durumun ABD taraf\u0131ndan ho\u015fnutsuzlukla kar\u015f\u0131lanaca\u011f\u0131 a\u00e7\u0131kt\u0131r.<\/p>\n\n\n\n<p>Salg\u0131n\u0131n zaten var olan emperyalizmin krizini daha da derinle\u015ftirdi\u011fi tespitini rahatl\u0131kla yapabiliriz. Ticaret sava\u015flar\u0131n\u0131n ve emperyalist \u00fclkeler aras\u0131ndaki s\u00fcrt\u00fc\u015fmelerin artaca\u011f\u0131 bir pandemi sonras\u0131 s\u00fcrece haz\u0131rl\u0131kl\u0131 olunmal\u0131d\u0131r. \u00d6zellikle ABD-\u00c7in aras\u0131nda Hong Kong ve Tayvan \u00fczerinden politik gerilimler ya\u015fanmaya devam edecektir. Covid salg\u0131n\u0131ndan g\u00f6reli olarak di\u011fer \u00fclkelere nazaran daha az hasarla s\u00fcreci ilerleten \u00c7in, kendi i\u00e7 t\u00fcketimine a\u011f\u0131rl\u0131k vermi\u015f durumda. Foxconn Y\u00f6netim Kurulu Ba\u015fkan Young Liu, \u00c7in\u2019in \u00fcretimini sermaye ihrac\u0131 yoluyla d\u0131\u015far\u0131ya ta\u015f\u0131maya (Hindistan, G\u00fcney Do\u011fu Asya ve Afrika\u2019ya) ba\u015flad\u0131\u011f\u0131n\u0131 belirterek bu \u00fclkenin d\u00fcnyan\u0131n fabrikas\u0131 oldu\u011fu g\u00fcnlerin geride kald\u0131\u011f\u0131n\u0131 s\u00f6yl\u00fcyor. Bu s\u00f6ylem salg\u0131n s\u00fcrecinde finans kapitalin politik ve iktisadi lideri olan ABD emperyalizmiyle uzla\u015fmak yerine \u00c7in\u2019in daha sald\u0131rgan bir tutum alabilece\u011finin i\u015fareti olarak okumak gerekir. \u00d6zellikle bu konuda \u00c7in\u2019in politikas\u0131n\u0131n netle\u015fmesi i\u00e7in en az\u0131ndan \u015fimdilik ABD\u2019deki Kas\u0131m ba\u015fkanl\u0131k se\u00e7imlerinin sonu\u00e7lar\u0131n\u0131 beklemek gerekiyor.<\/p>\n\n\n\n<p>Ticaret sava\u015flar\u0131n\u0131n ger\u00e7ek anlamda ya\u015fanabilmesi i\u00e7in pandeminin etkilerinin ge\u00e7mesi gerekiyor, ancak t\u00fcm d\u00fcnya \u00f6l\u00e7e\u011finde zaten ticari bir buhran ya\u015famakta. Her \u00fclke ithalat\u0131n\u0131 ve ihracat\u0131n\u0131n d\u00fc\u015f\u00fcrm\u00fc\u015f durumda. Pandemi sonras\u0131nda yeni g\u00fcmr\u00fck vergileriyle ABD-\u00c7in ticaret sava\u015f\u0131n\u0131n artaca\u011f\u0131 neredeyse kesin.<\/p>\n\n\n\n<h4 class=\"wp-block-heading\"><strong>Krizin seyrini s\u0131n\u0131f m\u00fccadelesi belirleyecek\u00a0<\/strong><\/h4>\n\n\n\n<p>Pandemiyle m\u00fccadele kapitalizmle m\u00fccadelenin bir par\u00e7as\u0131d\u0131r. Artan s\u0131n\u0131fsal makas kendini servet art\u0131\u015f\u0131nda da g\u00f6steriyor. Sermaye kriz ortam\u0131nda farkl\u0131 k\u00e2r alanlar\u0131 buldu. \u00d6zellikle ucuz ve bol olmas\u0131 nedeniyle para finansal alana akt\u0131. T\u00fcm d\u00fcnyada ucuz ve bol para olmas\u0131na ra\u011fmen, kapitalizmin ak\u0131l d\u0131\u015f\u0131l\u0131\u011f\u0131na \u00f6rnek olarak a\u00e7l\u0131k ve sefalet de ayn\u0131 h\u0131zda art\u0131yor.&nbsp; 2020&#8217;nin \u015eubat ay\u0131ndan bu yana Covid-19 sebebiyle d\u00fcnya piyasalar\u0131ndan 18 trilyon dolar buharla\u015ft\u0131 ama 1 milyon dolar ve \u00fcst\u00fc servete sahip zenginlerin say\u0131s\u0131 b\u00fcy\u00fck art\u0131\u015f g\u00f6sterdi. Verilere g\u00f6re 2019\u2019a k\u0131yasla 2020\u2019de piyasalar\u0131n durgunlu\u011funa ra\u011fmen zenginlerin k\u00fcresel serveti y\u00fczde 6 ila 8 oran\u0131nda artt\u0131. T\u00fcm bu tahribata ra\u011fmen son bir y\u0131lda d\u00fcnya \u00fczerindeki zenginlerin serveti tam 74 trilyon dolara y\u00fckselmi\u015f oldu. Bu y\u00fckseli\u015f paran\u0131n finansalla\u015fmas\u0131yla hisse senedi piyasas\u0131ndaki de\u011ferlenmelerden ve tr\u00f6st durumundaki \u015firketlerin salg\u0131n s\u00fcrecinde devletler taraf\u0131ndan korunmaya al\u0131narak i\u015f\u00e7i s\u0131n\u0131f\u0131n\u0131 bask\u0131lamalar\u0131yla sa\u011fland\u0131. Salg\u0131n\u0131n s\u0131n\u0131fsal karakteri t\u00fcm d\u00fcnyada kendini a\u00e7\u0131k etmi\u015ftir.<\/p>\n\n\n\n<p>Krizde bile servetlerini artt\u0131rabilen sermaye kar\u015f\u0131s\u0131nda ba\u015fta borsa olmak \u00fczere t\u00fcm spek\u00fclatif alanlar\u0131n kapat\u0131lmas\u0131n\u0131 savunmal\u0131y\u0131z. Zenginlik ve servet toplumsal i\u015f b\u00f6l\u00fcm\u00fcyle yarat\u0131l\u0131r. Bu sebeple bireysel zenginlik toplumun do\u011fas\u0131na ayk\u0131r\u0131 ve ak\u0131l d\u0131\u015f\u0131d\u0131r. Toplumsal zenginli\u011fi artt\u0131rmak i\u00e7in t\u00fcm bankalar\u0131n kamula\u015ft\u0131r\u0131lmas\u0131, borsan\u0131n kapat\u0131larak genel \u00fcr\u00fcn fiyatlar\u0131n kontrol alt\u0131na al\u0131nmas\u0131 gerekir.<\/p>\n\n\n\n<p>Salg\u0131nla birlikte duraksayan seferberlikler ABD ve L\u00fcbnan\u2019da kendini \u015fiddetli bir bi\u00e7imde yeniden g\u00f6sterdi. Topyek\u00fbn i\u015fsizlik, hayat \u015fartlar\u0131n\u0131n daha da k\u00f6t\u00fcle\u015fmesi ve salg\u0131n\u0131n sonunun hen\u00fcz g\u00f6z\u00fckmemi\u015f olmas\u0131 zaten son on y\u0131ld\u0131r alt\u00fcst olu\u015flarla ilerleyen d\u00fcnya siyasetine makro \u00f6l\u00e7ekte bak\u0131ld\u0131\u011f\u0131nda \u00f6zellikle Hindistan, Brezilya, ABD, G\u00fcney Afrika ve Ortado\u011fu\u2019da \u015fiddetli seferberlikler beklenmelidir. Fakat ekonomik krizlerin do\u011frudan iktidar de\u011fi\u015fiklerine yol a\u00e7mad\u0131\u011f\u0131n\u0131 bilmek gerekir. Politik \u00fcstyap\u0131sal de\u011fi\u015fikler o \u00fclkedeki seferberliklerin \u00f6rg\u00fctl\u00fcl\u00fc\u011f\u00fcne, g\u00fcc\u00fcne ve de\u011fi\u015fimi sa\u011flayabilecek bir \u00f6nderli\u011fin var olup olmamas\u0131na ba\u011fl\u0131d\u0131r. Dolay\u0131s\u0131yla mevcut iktisadi buhran de\u011fi\u015fimin ko\u015fullar\u0131n\u0131 yarat\u0131r sadece; as\u0131l olan bu ortamda \u00f6nderli\u011fin ve devrimci kadro ve partilerin k\u00fcresel \u00f6l\u00e7ekte in\u015fas\u0131n\u0131n h\u0131zland\u0131r\u0131lmas\u0131d\u0131r.<\/p>\n","protected":false},"excerpt":{"rendered":"<p>Covid-19 salg\u0131n\u0131 \u015eubat sonuna do\u011fru pandemi halini ald\u0131. A\u011fustos ortas\u0131 itibar\u0131yla salg\u0131n\u0131n d\u00fcnya \u00f6l\u00e7e\u011finde h\u0131zlanarak yay\u0131ld\u0131\u011f\u0131 g\u00f6r\u00fcl\u00fcyor. Bir\u00e7ok \u00fclkenin, sa\u011fl\u0131k sistemlerini \u00f6nceki on y\u0131llarda neoliberal politikalarla \u00f6zelle\u015ftirerek kamusal sa\u011fl\u0131k altyap\u0131lar\u0131n\u0131 \u00f6zel sermaye lehine tahrip etmi\u015f olmalar\u0131n\u0131n sonu\u00e7lar\u0131 bu s\u00fcre\u00e7te ortaya \u00e7\u0131karken, daha \u00f6nce kamu politikalar\u0131nda \u00f6ncelikli bir konumu olmayan cerrahi maskeler ve vantilat\u00f6rler gibi t\u0131bbi [&hellip;]<\/p>\n","protected":false},"author":25,"featured_media":1990,"comment_status":"open","ping_status":"open","sticky":false,"template":"","format":"standard","meta":{"_exactmetrics_skip_tracking":false,"_exactmetrics_sitenote_active":false,"_exactmetrics_sitenote_note":"","_exactmetrics_sitenote_category":0,"footnotes":""},"categories":[703],"tags":[889,976,975,193],"class_list":["post-1988","post","type-post","status-publish","format-standard","has-post-thumbnail","hentry","category-ekonomi-politik","tag-covid-19-2","tag-ekonomi","tag-ekonomik-kriz","tag-kriz"],"_links":{"self":[{"href":"https:\/\/trockist.net\/index.php\/wp-json\/wp\/v2\/posts\/1988","targetHints":{"allow":["GET"]}}],"collection":[{"href":"https:\/\/trockist.net\/index.php\/wp-json\/wp\/v2\/posts"}],"about":[{"href":"https:\/\/trockist.net\/index.php\/wp-json\/wp\/v2\/types\/post"}],"author":[{"embeddable":true,"href":"https:\/\/trockist.net\/index.php\/wp-json\/wp\/v2\/users\/25"}],"replies":[{"embeddable":true,"href":"https:\/\/trockist.net\/index.php\/wp-json\/wp\/v2\/comments?post=1988"}],"version-history":[{"count":1,"href":"https:\/\/trockist.net\/index.php\/wp-json\/wp\/v2\/posts\/1988\/revisions"}],"predecessor-version":[{"id":1991,"href":"https:\/\/trockist.net\/index.php\/wp-json\/wp\/v2\/posts\/1988\/revisions\/1991"}],"wp:featuredmedia":[{"embeddable":true,"href":"https:\/\/trockist.net\/index.php\/wp-json\/wp\/v2\/media\/1990"}],"wp:attachment":[{"href":"https:\/\/trockist.net\/index.php\/wp-json\/wp\/v2\/media?parent=1988"}],"wp:term":[{"taxonomy":"category","embeddable":true,"href":"https:\/\/trockist.net\/index.php\/wp-json\/wp\/v2\/categories?post=1988"},{"taxonomy":"post_tag","embeddable":true,"href":"https:\/\/trockist.net\/index.php\/wp-json\/wp\/v2\/tags?post=1988"}],"curies":[{"name":"wp","href":"https:\/\/api.w.org\/{rel}","templated":true}]}}